{"id":5178,"date":"2026-04-28T09:39:40","date_gmt":"2026-04-28T06:39:40","guid":{"rendered":"https:\/\/voceamoldovei.org\/?p=5178"},"modified":"2026-04-28T09:39:41","modified_gmt":"2026-04-28T06:39:41","slug":"istoriya-urozhenki-moldovy-v-osnove-syuzheta-evropejskogo-filma-premera-illusione-sostoitsya-7-maya-v-italii","status":"publish","type":"post","link":"https:\/\/voceamoldovei.org\/md\/istoriya-urozhenki-moldovy-v-osnove-syuzheta-evropejskogo-filma-premera-illusione-sostoitsya-7-maya-v-italii\/","title":{"rendered":"O adolescent\u0103 din Moldova, \u00een centrul unui film european: \u201eIllusione\u201d va avea premiera pe 7 mai \u00een Italia"},"content":{"rendered":"<p>Un nou film european aduce \u00een prim-plan povestea unei adolescente originare din Republica Moldova. Pelicula \u201eIllusione\u201d, regizat\u0103 de Francesca Archibugi, va avea premiera \u00een cinematografele din Italia pe 7 mai 2026 \u0219i urm\u0103re\u0219te cazul unei minore aflate \u00een centrul unei investiga\u021bii complexe, marcate de violen\u021b\u0103 \u0219i mister.<\/p>\n\n\n\n<p>Filmul prezint\u0103 destinul Rosei Lazar, o fat\u0103 de 16 ani din Moldova, g\u0103sit\u0103 \u00een stare grav\u0103 la periferia ora\u0219ului Perugia. De\u0219i ini\u021bial este considerat\u0103 moart\u0103, adolescenta d\u0103 semne de via\u021b\u0103, iar cazul declan\u0219eaz\u0103 o anchet\u0103 ampl\u0103, care cap\u0103t\u0103 rapid o dimensiune interna\u021bional\u0103.&nbsp;<\/p>\n\n\n\n<p>Potrivit descrierii produc\u021biei, investiga\u021bia scoate la iveal\u0103 aspecte tulbur\u0103toare legate de exploatare \u0219i abuz. Ancheta este condus\u0103 de o procuroare \u0219i un psiholog, interpreta\u021bi de actorii Jasmine Trinca \u0219i Michele Riondino.&nbsp;<\/p>\n\n\n\n<p>\u00cen paralel, filmul urm\u0103re\u0219te \u0219i dimensiunea personal\u0103 a psihologului implicat \u00een caz, marcat de probleme familiale \u0219i de fragilitatea so\u021biei sale, rol interpretat de Vittoria Puccini.&nbsp;<\/p>\n\n\n\n<p>\u201eIllusione\u201d este prezentat drept o dram\u0103 care traverseaz\u0103 mai multe spa\u021bii europene, de la Italia p\u00een\u0103 la institu\u021biile europene de la Bruxelles. Cu toate acestea, punctul central al pove\u0219tii r\u0103m\u00eene destinul tinerei din Moldova \u0219i misterul care \u00eenv\u0103luie trecutul s\u0103u.&nbsp;<\/p>\n\n\n\n<p>Produc\u021bia aduce \u00een aten\u021bie vulnerabilitatea minorilor \u0219i existen\u021ba re\u021belelor de exploatare, propun\u00eend o poveste cu puternic impact emo\u021bional.&nbsp;<\/p>\n\n\n\n<p>Filmul este realizat de compania Fandango, \u00een colaborare cu Rai Cinema, iar distribu\u021bia va fi asigurat\u0103 de 01 Distribution.<\/p>","protected":false},"excerpt":{"rendered":"<p>\u041d\u043e\u0432\u044b\u0439 \u0444\u0438\u043b\u044c\u043c \u0432\u044b\u0432\u043e\u0434\u0438\u0442 \u043d\u0430 \u043f\u0435\u0440\u0432\u044b\u0439 \u043f\u043b\u0430\u043d \u0438\u0441\u0442\u043e\u0440\u0438\u044e \u043f\u043e\u0434\u0440\u043e\u0441\u0442\u043a\u0430 \u0438\u0437 \u0420\u0435\u0441\u043f\u0443\u0431\u043b\u0438\u043a\u0438 \u041c\u043e\u043b\u0434\u043e\u0432\u0430. \u041a\u0430\u0440\u0442\u0438\u043d\u0430 Illusione \u0440\u0435\u0436\u0438\u0441\u0441\u0435\u0440\u0430 \u0424\u0440\u0430\u043d\u0447\u0435\u0441\u043a\u0438 \u0410\u0440\u043a\u0438\u0431\u0443\u0434\u0436\u0438 \u0432\u044b\u0439\u0434\u0435\u0442 \u0432 \u0438\u0442\u0430\u043b\u044c\u044f\u043d\u0441\u043a\u0438\u0439 \u043f\u0440\u043e\u043a\u0430\u0442 7 \u043c\u0430\u044f 2026 \u0433\u043e\u0434\u0430 \u0438 \u0440\u0430\u0441\u0441\u043a\u0430\u0436\u0435\u0442 \u043e \u043d\u0435\u0441\u043e\u0432\u0435\u0440\u0448\u0435\u043d\u043d\u043e\u043b\u0435\u0442\u043d\u0435\u0439 \u0434\u0435\u0432\u0443\u0448\u043a\u0435, \u043e\u043a\u0430\u0437\u0430\u0432\u0448\u0435\u0439\u0441\u044f \u0432 \u0446\u0435\u043d\u0442\u0440\u0435 \u0441\u043b\u043e\u0436\u043d\u043e\u0433\u043e \u0440\u0430\u0441\u0441\u043b\u0435\u0434\u043e\u0432\u0430\u043d\u0438\u044f, \u0441\u0432\u044f\u0437\u0430\u043d\u043d\u043e\u0433\u043e \u0441 \u043d\u0430\u0441\u0438\u043b\u0438\u0435\u043c \u0438 \u0442\u0430\u0439\u043d\u043e\u0439. \u0412 \u0446\u0435\u043d\u0442\u0440\u0435 \u0441\u044e\u0436\u0435\u0442\u0430 \u2014 \u0438\u0441\u0442\u043e\u0440\u0438\u044f \u0420\u043e\u0437\u044b \u041b\u0430\u0437\u0430\u0440, 16-\u043b\u0435\u0442\u043d\u0435\u0439 \u0434\u0435\u0432\u0443\u0448\u043a\u0438 \u0438\u0437 \u041c\u043e\u043b\u0434\u043e\u0432\u044b, \u043a\u043e\u0442\u043e\u0440\u0443\u044e \u043d\u0430\u0445\u043e\u0434\u044f\u0442 \u0432 \u0442\u044f\u0436\u0435\u043b\u043e\u043c \u0441\u043e\u0441\u0442\u043e\u044f\u043d\u0438\u0438 [&hellip;]<\/p>","protected":false},"author":1,"featured_media":5179,"comment_status":"open","ping_status":"open","sticky":false,"template":"","format":"standard","meta":{"_acf_changed":false,"footnotes":""},"categories":[7,39,38],"tags":[],"class_list":["post-5178","post","type-post","status-publish","format-standard","has-post-thumbnail","hentry","category-lifestyle","category-news-from-moldova","category-society"],"acf":[],"yoast_head":"<!-- This site is optimized with the Yoast SEO plugin v25.3 - https:\/\/yoast.com\/wordpress\/plugins\/seo\/ -->\n<title>\u0418\u0441\u0442\u043e\u0440\u0438\u044f \u0443\u0440\u043e\u0436\u0435\u043d\u043a\u0438 \u041c\u043e\u043b\u0434\u043e\u0432\u044b \u2014 \u0432 \u043e\u0441\u043d\u043e\u0432\u0435 \u0441\u044e\u0436\u0435\u0442\u0430 \u0435\u0432\u0440\u043e\u043f\u0435\u0439\u0441\u043a\u043e\u0433\u043e \u0444\u0438\u043b\u044c\u043c\u0430: \u043f\u0440\u0435\u043c\u044c\u0435\u0440\u0430 Illusione \u0441\u043e\u0441\u0442\u043e\u0438\u0442\u0441\u044f 7 \u043c\u0430\u044f \u0432 \u0418\u0442\u0430\u043b\u0438\u0438 - voceamoldovei<\/title>\n<meta name=\"robots\" content=\"index, follow, max-snippet:-1, max-image-preview:large, max-video-preview:-1\" \/>\n<link rel=\"canonical\" href=\"https:\/\/voceamoldovei.org\/md\/istoriya-urozhenki-moldovy-v-osnove-syuzheta-evropejskogo-filma-premera-illusione-sostoitsya-7-maya-v-italii\/\" \/>\n<meta property=\"og:locale\" content=\"ro_RO\" \/>\n<meta property=\"og:type\" content=\"article\" \/>\n<meta property=\"og:title\" content=\"\u0418\u0441\u0442\u043e\u0440\u0438\u044f \u0443\u0440\u043e\u0436\u0435\u043d\u043a\u0438 \u041c\u043e\u043b\u0434\u043e\u0432\u044b \u2014 \u0432 \u043e\u0441\u043d\u043e\u0432\u0435 \u0441\u044e\u0436\u0435\u0442\u0430 \u0435\u0432\u0440\u043e\u043f\u0435\u0439\u0441\u043a\u043e\u0433\u043e \u0444\u0438\u043b\u044c\u043c\u0430: \u043f\u0440\u0435\u043c\u044c\u0435\u0440\u0430 Illusione \u0441\u043e\u0441\u0442\u043e\u0438\u0442\u0441\u044f 7 \u043c\u0430\u044f \u0432 \u0418\u0442\u0430\u043b\u0438\u0438 - voceamoldovei\" \/>\n<meta property=\"og:description\" content=\"\u041d\u043e\u0432\u044b\u0439 \u0444\u0438\u043b\u044c\u043c \u0432\u044b\u0432\u043e\u0434\u0438\u0442 \u043d\u0430 \u043f\u0435\u0440\u0432\u044b\u0439 \u043f\u043b\u0430\u043d \u0438\u0441\u0442\u043e\u0440\u0438\u044e \u043f\u043e\u0434\u0440\u043e\u0441\u0442\u043a\u0430 \u0438\u0437 \u0420\u0435\u0441\u043f\u0443\u0431\u043b\u0438\u043a\u0438 \u041c\u043e\u043b\u0434\u043e\u0432\u0430. \u041a\u0430\u0440\u0442\u0438\u043d\u0430 Illusione \u0440\u0435\u0436\u0438\u0441\u0441\u0435\u0440\u0430 \u0424\u0440\u0430\u043d\u0447\u0435\u0441\u043a\u0438 \u0410\u0440\u043a\u0438\u0431\u0443\u0434\u0436\u0438 \u0432\u044b\u0439\u0434\u0435\u0442 \u0432 \u0438\u0442\u0430\u043b\u044c\u044f\u043d\u0441\u043a\u0438\u0439 \u043f\u0440\u043e\u043a\u0430\u0442 7 \u043c\u0430\u044f 2026 \u0433\u043e\u0434\u0430 \u0438 \u0440\u0430\u0441\u0441\u043a\u0430\u0436\u0435\u0442 \u043e \u043d\u0435\u0441\u043e\u0432\u0435\u0440\u0448\u0435\u043d\u043d\u043e\u043b\u0435\u0442\u043d\u0435\u0439 \u0434\u0435\u0432\u0443\u0448\u043a\u0435, \u043e\u043a\u0430\u0437\u0430\u0432\u0448\u0435\u0439\u0441\u044f \u0432 \u0446\u0435\u043d\u0442\u0440\u0435 \u0441\u043b\u043e\u0436\u043d\u043e\u0433\u043e \u0440\u0430\u0441\u0441\u043b\u0435\u0434\u043e\u0432\u0430\u043d\u0438\u044f, \u0441\u0432\u044f\u0437\u0430\u043d\u043d\u043e\u0433\u043e \u0441 \u043d\u0430\u0441\u0438\u043b\u0438\u0435\u043c \u0438 \u0442\u0430\u0439\u043d\u043e\u0439. \u0412 \u0446\u0435\u043d\u0442\u0440\u0435 \u0441\u044e\u0436\u0435\u0442\u0430 \u2014 \u0438\u0441\u0442\u043e\u0440\u0438\u044f \u0420\u043e\u0437\u044b \u041b\u0430\u0437\u0430\u0440, 16-\u043b\u0435\u0442\u043d\u0435\u0439 \u0434\u0435\u0432\u0443\u0448\u043a\u0438 \u0438\u0437 \u041c\u043e\u043b\u0434\u043e\u0432\u044b, \u043a\u043e\u0442\u043e\u0440\u0443\u044e \u043d\u0430\u0445\u043e\u0434\u044f\u0442 \u0432 \u0442\u044f\u0436\u0435\u043b\u043e\u043c \u0441\u043e\u0441\u0442\u043e\u044f\u043d\u0438\u0438 [&hellip;]\" \/>\n<meta property=\"og:url\" content=\"https:\/\/voceamoldovei.org\/md\/istoriya-urozhenki-moldovy-v-osnove-syuzheta-evropejskogo-filma-premera-illusione-sostoitsya-7-maya-v-italii\/\" \/>\n<meta property=\"og:site_name\" content=\"voceamoldovei\" \/>\n<meta property=\"article:published_time\" content=\"2026-04-28T06:39:40+00:00\" \/>\n<meta property=\"article:modified_time\" content=\"2026-04-28T06:39:41+00:00\" \/>\n<meta property=\"og:image\" content=\"https:\/\/voceamoldovei.org\/wp-content\/uploads\/2026\/04\/878431.webp\" \/>\n\t<meta property=\"og:image:width\" content=\"760\" \/>\n\t<meta property=\"og:image:height\" content=\"500\" \/>\n\t<meta property=\"og:image:type\" content=\"image\/webp\" \/>\n<meta name=\"author\" content=\"admin\" \/>\n<meta name=\"twitter:card\" content=\"summary_large_image\" \/>\n<meta name=\"twitter:label1\" content=\"Scris de\" \/>\n\t<meta name=\"twitter:data1\" content=\"admin\" \/>\n\t<meta name=\"twitter:label2\" content=\"Timp estimat pentru citire\" \/>\n\t<meta name=\"twitter:data2\" content=\"2 minute\" \/>\n<script type=\"application\/ld+json\" class=\"yoast-schema-graph\">{\"@context\":\"https:\/\/schema.org\",\"@graph\":[{\"@type\":\"Article\",\"@id\":\"https:\/\/voceamoldovei.org\/istoriya-urozhenki-moldovy-v-osnove-syuzheta-evropejskogo-filma-premera-illusione-sostoitsya-7-maya-v-italii\/#article\",\"isPartOf\":{\"@id\":\"https:\/\/voceamoldovei.org\/istoriya-urozhenki-moldovy-v-osnove-syuzheta-evropejskogo-filma-premera-illusione-sostoitsya-7-maya-v-italii\/\"},\"author\":{\"name\":\"admin\",\"@id\":\"https:\/\/voceamoldovei.org\/#\/schema\/person\/f3d530272d60bace5ec1386d94304e3b\"},\"headline\":\"\u0418\u0441\u0442\u043e\u0440\u0438\u044f \u0443\u0440\u043e\u0436\u0435\u043d\u043a\u0438 \u041c\u043e\u043b\u0434\u043e\u0432\u044b \u2014 \u0432 \u043e\u0441\u043d\u043e\u0432\u0435 \u0441\u044e\u0436\u0435\u0442\u0430 \u0435\u0432\u0440\u043e\u043f\u0435\u0439\u0441\u043a\u043e\u0433\u043e \u0444\u0438\u043b\u044c\u043c\u0430: \u043f\u0440\u0435\u043c\u044c\u0435\u0440\u0430 Illusione \u0441\u043e\u0441\u0442\u043e\u0438\u0442\u0441\u044f 7 \u043c\u0430\u044f \u0432 \u0418\u0442\u0430\u043b\u0438\u0438\",\"datePublished\":\"2026-04-28T06:39:40+00:00\",\"dateModified\":\"2026-04-28T06:39:41+00:00\",\"mainEntityOfPage\":{\"@id\":\"https:\/\/voceamoldovei.org\/istoriya-urozhenki-moldovy-v-osnove-syuzheta-evropejskogo-filma-premera-illusione-sostoitsya-7-maya-v-italii\/\"},\"wordCount\":205,\"commentCount\":0,\"publisher\":{\"@id\":\"https:\/\/voceamoldovei.org\/#organization\"},\"image\":{\"@id\":\"https:\/\/voceamoldovei.org\/istoriya-urozhenki-moldovy-v-osnove-syuzheta-evropejskogo-filma-premera-illusione-sostoitsya-7-maya-v-italii\/#primaryimage\"},\"thumbnailUrl\":\"https:\/\/voceamoldovei.org\/wp-content\/uploads\/2026\/04\/878431.webp\",\"articleSection\":[\"\u0416\u0438\u0437\u043d\u044c\",\"\u041d\u043e\u0432\u043e\u0441\u0442\u0438 \u041c\u043e\u043b\u0434\u043e\u0432\u044b\",\"\u041e\u0431\u0449\u0435\u0441\u0442\u0432\u043e\"],\"inLanguage\":\"ro-RO\",\"potentialAction\":[{\"@type\":\"CommentAction\",\"name\":\"Comment\",\"target\":[\"https:\/\/voceamoldovei.org\/istoriya-urozhenki-moldovy-v-osnove-syuzheta-evropejskogo-filma-premera-illusione-sostoitsya-7-maya-v-italii\/#respond\"]}]},{\"@type\":\"WebPage\",\"@id\":\"https:\/\/voceamoldovei.org\/istoriya-urozhenki-moldovy-v-osnove-syuzheta-evropejskogo-filma-premera-illusione-sostoitsya-7-maya-v-italii\/\",\"url\":\"https:\/\/voceamoldovei.org\/istoriya-urozhenki-moldovy-v-osnove-syuzheta-evropejskogo-filma-premera-illusione-sostoitsya-7-maya-v-italii\/\",\"name\":\"\u0418\u0441\u0442\u043e\u0440\u0438\u044f \u0443\u0440\u043e\u0436\u0435\u043d\u043a\u0438 \u041c\u043e\u043b\u0434\u043e\u0432\u044b \u2014 \u0432 \u043e\u0441\u043d\u043e\u0432\u0435 \u0441\u044e\u0436\u0435\u0442\u0430 \u0435\u0432\u0440\u043e\u043f\u0435\u0439\u0441\u043a\u043e\u0433\u043e \u0444\u0438\u043b\u044c\u043c\u0430: \u043f\u0440\u0435\u043c\u044c\u0435\u0440\u0430 Illusione \u0441\u043e\u0441\u0442\u043e\u0438\u0442\u0441\u044f 7 \u043c\u0430\u044f \u0432 \u0418\u0442\u0430\u043b\u0438\u0438 - voceamoldovei\",\"isPartOf\":{\"@id\":\"https:\/\/voceamoldovei.org\/#website\"},\"primaryImageOfPage\":{\"@id\":\"https:\/\/voceamoldovei.org\/istoriya-urozhenki-moldovy-v-osnove-syuzheta-evropejskogo-filma-premera-illusione-sostoitsya-7-maya-v-italii\/#primaryimage\"},\"image\":{\"@id\":\"https:\/\/voceamoldovei.org\/istoriya-urozhenki-moldovy-v-osnove-syuzheta-evropejskogo-filma-premera-illusione-sostoitsya-7-maya-v-italii\/#primaryimage\"},\"thumbnailUrl\":\"https:\/\/voceamoldovei.org\/wp-content\/uploads\/2026\/04\/878431.webp\",\"datePublished\":\"2026-04-28T06:39:40+00:00\",\"dateModified\":\"2026-04-28T06:39:41+00:00\",\"breadcrumb\":{\"@id\":\"https:\/\/voceamoldovei.org\/istoriya-urozhenki-moldovy-v-osnove-syuzheta-evropejskogo-filma-premera-illusione-sostoitsya-7-maya-v-italii\/#breadcrumb\"},\"inLanguage\":\"ro-RO\",\"potentialAction\":[{\"@type\":\"ReadAction\",\"target\":[\"https:\/\/voceamoldovei.org\/istoriya-urozhenki-moldovy-v-osnove-syuzheta-evropejskogo-filma-premera-illusione-sostoitsya-7-maya-v-italii\/\"]}]},{\"@type\":\"ImageObject\",\"inLanguage\":\"ro-RO\",\"@id\":\"https:\/\/voceamoldovei.org\/istoriya-urozhenki-moldovy-v-osnove-syuzheta-evropejskogo-filma-premera-illusione-sostoitsya-7-maya-v-italii\/#primaryimage\",\"url\":\"https:\/\/voceamoldovei.org\/wp-content\/uploads\/2026\/04\/878431.webp\",\"contentUrl\":\"https:\/\/voceamoldovei.org\/wp-content\/uploads\/2026\/04\/878431.webp\",\"width\":760,\"height\":500},{\"@type\":\"BreadcrumbList\",\"@id\":\"https:\/\/voceamoldovei.org\/istoriya-urozhenki-moldovy-v-osnove-syuzheta-evropejskogo-filma-premera-illusione-sostoitsya-7-maya-v-italii\/#breadcrumb\",\"itemListElement\":[{\"@type\":\"ListItem\",\"position\":1,\"name\":\"\u0413\u043b\u0430\u0432\u043d\u0430\u044f \u0441\u0442\u0440\u0430\u043d\u0438\u0446\u0430\",\"item\":\"https:\/\/voceamoldovei.org\/\"},{\"@type\":\"ListItem\",\"position\":2,\"name\":\"\u0418\u0441\u0442\u043e\u0440\u0438\u044f \u0443\u0440\u043e\u0436\u0435\u043d\u043a\u0438 \u041c\u043e\u043b\u0434\u043e\u0432\u044b \u2014 \u0432 \u043e\u0441\u043d\u043e\u0432\u0435 \u0441\u044e\u0436\u0435\u0442\u0430 \u0435\u0432\u0440\u043e\u043f\u0435\u0439\u0441\u043a\u043e\u0433\u043e \u0444\u0438\u043b\u044c\u043c\u0430: \u043f\u0440\u0435\u043c\u044c\u0435\u0440\u0430 Illusione \u0441\u043e\u0441\u0442\u043e\u0438\u0442\u0441\u044f 7 \u043c\u0430\u044f \u0432 \u0418\u0442\u0430\u043b\u0438\u0438\"}]},{\"@type\":\"WebSite\",\"@id\":\"https:\/\/voceamoldovei.org\/#website\",\"url\":\"https:\/\/voceamoldovei.org\/\",\"name\":\"voceamoldovei\",\"description\":\"\",\"publisher\":{\"@id\":\"https:\/\/voceamoldovei.org\/#organization\"},\"potentialAction\":[{\"@type\":\"SearchAction\",\"target\":{\"@type\":\"EntryPoint\",\"urlTemplate\":\"https:\/\/voceamoldovei.org\/?s={search_term_string}\"},\"query-input\":{\"@type\":\"PropertyValueSpecification\",\"valueRequired\":true,\"valueName\":\"search_term_string\"}}],\"inLanguage\":\"ro-RO\"},{\"@type\":\"Organization\",\"@id\":\"https:\/\/voceamoldovei.org\/#organization\",\"name\":\"voceamoldovei\",\"url\":\"https:\/\/voceamoldovei.org\/\",\"logo\":{\"@type\":\"ImageObject\",\"inLanguage\":\"ro-RO\",\"@id\":\"https:\/\/voceamoldovei.org\/#\/schema\/logo\/image\/\",\"url\":\"https:\/\/voceamoldovei.org\/wp-content\/uploads\/2025\/06\/logo.svg\",\"contentUrl\":\"https:\/\/voceamoldovei.org\/wp-content\/uploads\/2025\/06\/logo.svg\",\"width\":360,\"height\":60,\"caption\":\"voceamoldovei\"},\"image\":{\"@id\":\"https:\/\/voceamoldovei.org\/#\/schema\/logo\/image\/\"}},{\"@type\":\"Person\",\"@id\":\"https:\/\/voceamoldovei.org\/#\/schema\/person\/f3d530272d60bace5ec1386d94304e3b\",\"name\":\"admin\",\"image\":{\"@type\":\"ImageObject\",\"inLanguage\":\"ro-RO\",\"@id\":\"https:\/\/voceamoldovei.org\/#\/schema\/person\/image\/\",\"url\":\"https:\/\/secure.gravatar.com\/avatar\/af3899bbfd6aae24f1ff3c658f2724ade3af343534e6458edd7b2a5926b523da?s=96&d=mm&r=g\",\"contentUrl\":\"https:\/\/secure.gravatar.com\/avatar\/af3899bbfd6aae24f1ff3c658f2724ade3af343534e6458edd7b2a5926b523da?s=96&d=mm&r=g\",\"caption\":\"admin\"},\"sameAs\":[\"https:\/\/voceamoldovei.org\"],\"url\":\"https:\/\/voceamoldovei.org\/md\/author\/admin\/\"}]}<\/script>\n<!-- \/ Yoast SEO plugin. -->","yoast_head_json":{"title":"\u0418\u0441\u0442\u043e\u0440\u0438\u044f \u0443\u0440\u043e\u0436\u0435\u043d\u043a\u0438 \u041c\u043e\u043b\u0434\u043e\u0432\u044b \u2014 \u0432 \u043e\u0441\u043d\u043e\u0432\u0435 \u0441\u044e\u0436\u0435\u0442\u0430 \u0435\u0432\u0440\u043e\u043f\u0435\u0439\u0441\u043a\u043e\u0433\u043e \u0444\u0438\u043b\u044c\u043c\u0430: \u043f\u0440\u0435\u043c\u044c\u0435\u0440\u0430 Illusione \u0441\u043e\u0441\u0442\u043e\u0438\u0442\u0441\u044f 7 \u043c\u0430\u044f \u0432 \u0418\u0442\u0430\u043b\u0438\u0438 - voceamoldovei","robots":{"index":"index","follow":"follow","max-snippet":"max-snippet:-1","max-image-preview":"max-image-preview:large","max-video-preview":"max-video-preview:-1"},"canonical":"https:\/\/voceamoldovei.org\/md\/istoriya-urozhenki-moldovy-v-osnove-syuzheta-evropejskogo-filma-premera-illusione-sostoitsya-7-maya-v-italii\/","og_locale":"ro_RO","og_type":"article","og_title":"\u0418\u0441\u0442\u043e\u0440\u0438\u044f \u0443\u0440\u043e\u0436\u0435\u043d\u043a\u0438 \u041c\u043e\u043b\u0434\u043e\u0432\u044b \u2014 \u0432 \u043e\u0441\u043d\u043e\u0432\u0435 \u0441\u044e\u0436\u0435\u0442\u0430 \u0435\u0432\u0440\u043e\u043f\u0435\u0439\u0441\u043a\u043e\u0433\u043e \u0444\u0438\u043b\u044c\u043c\u0430: \u043f\u0440\u0435\u043c\u044c\u0435\u0440\u0430 Illusione \u0441\u043e\u0441\u0442\u043e\u0438\u0442\u0441\u044f 7 \u043c\u0430\u044f \u0432 \u0418\u0442\u0430\u043b\u0438\u0438 - voceamoldovei","og_description":"\u041d\u043e\u0432\u044b\u0439 \u0444\u0438\u043b\u044c\u043c \u0432\u044b\u0432\u043e\u0434\u0438\u0442 \u043d\u0430 \u043f\u0435\u0440\u0432\u044b\u0439 \u043f\u043b\u0430\u043d \u0438\u0441\u0442\u043e\u0440\u0438\u044e \u043f\u043e\u0434\u0440\u043e\u0441\u0442\u043a\u0430 \u0438\u0437 \u0420\u0435\u0441\u043f\u0443\u0431\u043b\u0438\u043a\u0438 \u041c\u043e\u043b\u0434\u043e\u0432\u0430. \u041a\u0430\u0440\u0442\u0438\u043d\u0430 Illusione \u0440\u0435\u0436\u0438\u0441\u0441\u0435\u0440\u0430 \u0424\u0440\u0430\u043d\u0447\u0435\u0441\u043a\u0438 \u0410\u0440\u043a\u0438\u0431\u0443\u0434\u0436\u0438 \u0432\u044b\u0439\u0434\u0435\u0442 \u0432 \u0438\u0442\u0430\u043b\u044c\u044f\u043d\u0441\u043a\u0438\u0439 \u043f\u0440\u043e\u043a\u0430\u0442 7 \u043c\u0430\u044f 2026 \u0433\u043e\u0434\u0430 \u0438 \u0440\u0430\u0441\u0441\u043a\u0430\u0436\u0435\u0442 \u043e \u043d\u0435\u0441\u043e\u0432\u0435\u0440\u0448\u0435\u043d\u043d\u043e\u043b\u0435\u0442\u043d\u0435\u0439 \u0434\u0435\u0432\u0443\u0448\u043a\u0435, \u043e\u043a\u0430\u0437\u0430\u0432\u0448\u0435\u0439\u0441\u044f \u0432 \u0446\u0435\u043d\u0442\u0440\u0435 \u0441\u043b\u043e\u0436\u043d\u043e\u0433\u043e \u0440\u0430\u0441\u0441\u043b\u0435\u0434\u043e\u0432\u0430\u043d\u0438\u044f, \u0441\u0432\u044f\u0437\u0430\u043d\u043d\u043e\u0433\u043e \u0441 \u043d\u0430\u0441\u0438\u043b\u0438\u0435\u043c \u0438 \u0442\u0430\u0439\u043d\u043e\u0439. \u0412 \u0446\u0435\u043d\u0442\u0440\u0435 \u0441\u044e\u0436\u0435\u0442\u0430 \u2014 \u0438\u0441\u0442\u043e\u0440\u0438\u044f \u0420\u043e\u0437\u044b \u041b\u0430\u0437\u0430\u0440, 16-\u043b\u0435\u0442\u043d\u0435\u0439 \u0434\u0435\u0432\u0443\u0448\u043a\u0438 \u0438\u0437 \u041c\u043e\u043b\u0434\u043e\u0432\u044b, \u043a\u043e\u0442\u043e\u0440\u0443\u044e \u043d\u0430\u0445\u043e\u0434\u044f\u0442 \u0432 \u0442\u044f\u0436\u0435\u043b\u043e\u043c \u0441\u043e\u0441\u0442\u043e\u044f\u043d\u0438\u0438 [&hellip;]","og_url":"https:\/\/voceamoldovei.org\/md\/istoriya-urozhenki-moldovy-v-osnove-syuzheta-evropejskogo-filma-premera-illusione-sostoitsya-7-maya-v-italii\/","og_site_name":"voceamoldovei","article_published_time":"2026-04-28T06:39:40+00:00","article_modified_time":"2026-04-28T06:39:41+00:00","og_image":[{"width":760,"height":500,"url":"https:\/\/voceamoldovei.org\/wp-content\/uploads\/2026\/04\/878431.webp","type":"image\/webp"}],"author":"admin","twitter_card":"summary_large_image","twitter_misc":{"Scris de":"admin","Timp estimat pentru citire":"2 minute"},"schema":{"@context":"https:\/\/schema.org","@graph":[{"@type":"Article","@id":"https:\/\/voceamoldovei.org\/istoriya-urozhenki-moldovy-v-osnove-syuzheta-evropejskogo-filma-premera-illusione-sostoitsya-7-maya-v-italii\/#article","isPartOf":{"@id":"https:\/\/voceamoldovei.org\/istoriya-urozhenki-moldovy-v-osnove-syuzheta-evropejskogo-filma-premera-illusione-sostoitsya-7-maya-v-italii\/"},"author":{"name":"admin","@id":"https:\/\/voceamoldovei.org\/#\/schema\/person\/f3d530272d60bace5ec1386d94304e3b"},"headline":"\u0418\u0441\u0442\u043e\u0440\u0438\u044f \u0443\u0440\u043e\u0436\u0435\u043d\u043a\u0438 \u041c\u043e\u043b\u0434\u043e\u0432\u044b \u2014 \u0432 \u043e\u0441\u043d\u043e\u0432\u0435 \u0441\u044e\u0436\u0435\u0442\u0430 \u0435\u0432\u0440\u043e\u043f\u0435\u0439\u0441\u043a\u043e\u0433\u043e \u0444\u0438\u043b\u044c\u043c\u0430: \u043f\u0440\u0435\u043c\u044c\u0435\u0440\u0430 Illusione \u0441\u043e\u0441\u0442\u043e\u0438\u0442\u0441\u044f 7 \u043c\u0430\u044f \u0432 \u0418\u0442\u0430\u043b\u0438\u0438","datePublished":"2026-04-28T06:39:40+00:00","dateModified":"2026-04-28T06:39:41+00:00","mainEntityOfPage":{"@id":"https:\/\/voceamoldovei.org\/istoriya-urozhenki-moldovy-v-osnove-syuzheta-evropejskogo-filma-premera-illusione-sostoitsya-7-maya-v-italii\/"},"wordCount":205,"commentCount":0,"publisher":{"@id":"https:\/\/voceamoldovei.org\/#organization"},"image":{"@id":"https:\/\/voceamoldovei.org\/istoriya-urozhenki-moldovy-v-osnove-syuzheta-evropejskogo-filma-premera-illusione-sostoitsya-7-maya-v-italii\/#primaryimage"},"thumbnailUrl":"https:\/\/voceamoldovei.org\/wp-content\/uploads\/2026\/04\/878431.webp","articleSection":["\u0416\u0438\u0437\u043d\u044c","\u041d\u043e\u0432\u043e\u0441\u0442\u0438 \u041c\u043e\u043b\u0434\u043e\u0432\u044b","\u041e\u0431\u0449\u0435\u0441\u0442\u0432\u043e"],"inLanguage":"ro-RO","potentialAction":[{"@type":"CommentAction","name":"Comment","target":["https:\/\/voceamoldovei.org\/istoriya-urozhenki-moldovy-v-osnove-syuzheta-evropejskogo-filma-premera-illusione-sostoitsya-7-maya-v-italii\/#respond"]}]},{"@type":"WebPage","@id":"https:\/\/voceamoldovei.org\/istoriya-urozhenki-moldovy-v-osnove-syuzheta-evropejskogo-filma-premera-illusione-sostoitsya-7-maya-v-italii\/","url":"https:\/\/voceamoldovei.org\/istoriya-urozhenki-moldovy-v-osnove-syuzheta-evropejskogo-filma-premera-illusione-sostoitsya-7-maya-v-italii\/","name":"\u0418\u0441\u0442\u043e\u0440\u0438\u044f \u0443\u0440\u043e\u0436\u0435\u043d\u043a\u0438 \u041c\u043e\u043b\u0434\u043e\u0432\u044b \u2014 \u0432 \u043e\u0441\u043d\u043e\u0432\u0435 \u0441\u044e\u0436\u0435\u0442\u0430 \u0435\u0432\u0440\u043e\u043f\u0435\u0439\u0441\u043a\u043e\u0433\u043e \u0444\u0438\u043b\u044c\u043c\u0430: \u043f\u0440\u0435\u043c\u044c\u0435\u0440\u0430 Illusione \u0441\u043e\u0441\u0442\u043e\u0438\u0442\u0441\u044f 7 \u043c\u0430\u044f \u0432 \u0418\u0442\u0430\u043b\u0438\u0438 - voceamoldovei","isPartOf":{"@id":"https:\/\/voceamoldovei.org\/#website"},"primaryImageOfPage":{"@id":"https:\/\/voceamoldovei.org\/istoriya-urozhenki-moldovy-v-osnove-syuzheta-evropejskogo-filma-premera-illusione-sostoitsya-7-maya-v-italii\/#primaryimage"},"image":{"@id":"https:\/\/voceamoldovei.org\/istoriya-urozhenki-moldovy-v-osnove-syuzheta-evropejskogo-filma-premera-illusione-sostoitsya-7-maya-v-italii\/#primaryimage"},"thumbnailUrl":"https:\/\/voceamoldovei.org\/wp-content\/uploads\/2026\/04\/878431.webp","datePublished":"2026-04-28T06:39:40+00:00","dateModified":"2026-04-28T06:39:41+00:00","breadcrumb":{"@id":"https:\/\/voceamoldovei.org\/istoriya-urozhenki-moldovy-v-osnove-syuzheta-evropejskogo-filma-premera-illusione-sostoitsya-7-maya-v-italii\/#breadcrumb"},"inLanguage":"ro-RO","potentialAction":[{"@type":"ReadAction","target":["https:\/\/voceamoldovei.org\/istoriya-urozhenki-moldovy-v-osnove-syuzheta-evropejskogo-filma-premera-illusione-sostoitsya-7-maya-v-italii\/"]}]},{"@type":"ImageObject","inLanguage":"ro-RO","@id":"https:\/\/voceamoldovei.org\/istoriya-urozhenki-moldovy-v-osnove-syuzheta-evropejskogo-filma-premera-illusione-sostoitsya-7-maya-v-italii\/#primaryimage","url":"https:\/\/voceamoldovei.org\/wp-content\/uploads\/2026\/04\/878431.webp","contentUrl":"https:\/\/voceamoldovei.org\/wp-content\/uploads\/2026\/04\/878431.webp","width":760,"height":500},{"@type":"BreadcrumbList","@id":"https:\/\/voceamoldovei.org\/istoriya-urozhenki-moldovy-v-osnove-syuzheta-evropejskogo-filma-premera-illusione-sostoitsya-7-maya-v-italii\/#breadcrumb","itemListElement":[{"@type":"ListItem","position":1,"name":"\u0413\u043b\u0430\u0432\u043d\u0430\u044f \u0441\u0442\u0440\u0430\u043d\u0438\u0446\u0430","item":"https:\/\/voceamoldovei.org\/"},{"@type":"ListItem","position":2,"name":"\u0418\u0441\u0442\u043e\u0440\u0438\u044f \u0443\u0440\u043e\u0436\u0435\u043d\u043a\u0438 \u041c\u043e\u043b\u0434\u043e\u0432\u044b \u2014 \u0432 \u043e\u0441\u043d\u043e\u0432\u0435 \u0441\u044e\u0436\u0435\u0442\u0430 \u0435\u0432\u0440\u043e\u043f\u0435\u0439\u0441\u043a\u043e\u0433\u043e \u0444\u0438\u043b\u044c\u043c\u0430: \u043f\u0440\u0435\u043c\u044c\u0435\u0440\u0430 Illusione \u0441\u043e\u0441\u0442\u043e\u0438\u0442\u0441\u044f 7 \u043c\u0430\u044f \u0432 \u0418\u0442\u0430\u043b\u0438\u0438"}]},{"@type":"WebSite","@id":"https:\/\/voceamoldovei.org\/#website","url":"https:\/\/voceamoldovei.org\/","name":"voceamoldovei","description":"","publisher":{"@id":"https:\/\/voceamoldovei.org\/#organization"},"potentialAction":[{"@type":"SearchAction","target":{"@type":"EntryPoint","urlTemplate":"https:\/\/voceamoldovei.org\/?s={search_term_string}"},"query-input":{"@type":"PropertyValueSpecification","valueRequired":true,"valueName":"search_term_string"}}],"inLanguage":"ro-RO"},{"@type":"Organization","@id":"https:\/\/voceamoldovei.org\/#organization","name":"voceamoldovei","url":"https:\/\/voceamoldovei.org\/","logo":{"@type":"ImageObject","inLanguage":"ro-RO","@id":"https:\/\/voceamoldovei.org\/#\/schema\/logo\/image\/","url":"https:\/\/voceamoldovei.org\/wp-content\/uploads\/2025\/06\/logo.svg","contentUrl":"https:\/\/voceamoldovei.org\/wp-content\/uploads\/2025\/06\/logo.svg","width":360,"height":60,"caption":"voceamoldovei"},"image":{"@id":"https:\/\/voceamoldovei.org\/#\/schema\/logo\/image\/"}},{"@type":"Person","@id":"https:\/\/voceamoldovei.org\/#\/schema\/person\/f3d530272d60bace5ec1386d94304e3b","name":"admin","image":{"@type":"ImageObject","inLanguage":"ro-RO","@id":"https:\/\/voceamoldovei.org\/#\/schema\/person\/image\/","url":"https:\/\/secure.gravatar.com\/avatar\/af3899bbfd6aae24f1ff3c658f2724ade3af343534e6458edd7b2a5926b523da?s=96&d=mm&r=g","contentUrl":"https:\/\/secure.gravatar.com\/avatar\/af3899bbfd6aae24f1ff3c658f2724ade3af343534e6458edd7b2a5926b523da?s=96&d=mm&r=g","caption":"admin"},"sameAs":["https:\/\/voceamoldovei.org"],"url":"https:\/\/voceamoldovei.org\/md\/author\/admin\/"}]}},"_links":{"self":[{"href":"https:\/\/voceamoldovei.org\/md\/wp-json\/wp\/v2\/posts\/5178","targetHints":{"allow":["GET"]}}],"collection":[{"href":"https:\/\/voceamoldovei.org\/md\/wp-json\/wp\/v2\/posts"}],"about":[{"href":"https:\/\/voceamoldovei.org\/md\/wp-json\/wp\/v2\/types\/post"}],"author":[{"embeddable":true,"href":"https:\/\/voceamoldovei.org\/md\/wp-json\/wp\/v2\/users\/1"}],"replies":[{"embeddable":true,"href":"https:\/\/voceamoldovei.org\/md\/wp-json\/wp\/v2\/comments?post=5178"}],"version-history":[{"count":1,"href":"https:\/\/voceamoldovei.org\/md\/wp-json\/wp\/v2\/posts\/5178\/revisions"}],"predecessor-version":[{"id":5180,"href":"https:\/\/voceamoldovei.org\/md\/wp-json\/wp\/v2\/posts\/5178\/revisions\/5180"}],"wp:featuredmedia":[{"embeddable":true,"href":"https:\/\/voceamoldovei.org\/md\/wp-json\/wp\/v2\/media\/5179"}],"wp:attachment":[{"href":"https:\/\/voceamoldovei.org\/md\/wp-json\/wp\/v2\/media?parent=5178"}],"wp:term":[{"taxonomy":"category","embeddable":true,"href":"https:\/\/voceamoldovei.org\/md\/wp-json\/wp\/v2\/categories?post=5178"},{"taxonomy":"post_tag","embeddable":true,"href":"https:\/\/voceamoldovei.org\/md\/wp-json\/wp\/v2\/tags?post=5178"}],"curies":[{"name":"wp","href":"https:\/\/api.w.org\/{rel}","templated":true}]}}