{"id":6777,"date":"2026-08-31T12:08:43","date_gmt":"2026-08-31T09:08:43","guid":{"rendered":"https:\/\/voceamoldovei.org\/?p=6777"},"modified":"2026-08-31T12:08:44","modified_gmt":"2026-08-31T09:08:44","slug":"aleksej-mateevich-poet-vospevshij-rodnoj-yazyk","status":"publish","type":"post","link":"https:\/\/voceamoldovei.org\/md\/aleksej-mateevich-poet-vospevshij-rodnoj-yazyk\/","title":{"rendered":"Alexei Mateevici \u2013 c\u00eent\u0103re\u021b al limbii materne"},"content":{"rendered":"<p class=\"wp-block-paragraph\">Alexei Mateevici (n\u0103scut la 27 martie 1888, C\u0103inari \u2013 decedat la 24 august 1917,Chi\u0219in\u0103u) este preotul-poet \u015fi poetul-preot, care a c\u00eentat cu d\u0103ruire total\u0103 necazurile \u015fi n\u0103zuin\u0163ele moldovenilor, a elogiat limba moldoveneasc\u0103, a scris \u00een competen\u0163\u0103 de cauz\u0103 despre influen\u0163ele slavone asupra limbii materne.<\/p>\n\n\n\n<p class=\"wp-block-paragraph\">S-a n\u0103scut \u00een familia preotului Mihail Mateevici, originar de prin p\u0103r\u0163ile Sorocii, \u015fi a Nadejdei (1863-1930), fiica protopopului Ioan Neaga din C\u0103u\u015fani. Alexei \u00eenva\u0163\u0103 la \u015fcoala primar\u0103 din Zaim, unde p\u0103rin\u0163ii se mut\u0103 cu traiul. Aici savureaz\u0103 minunatele colinde \u015fi h\u0103ituri, pove\u015fti \u015fi balade, auzite de la p\u0103rin\u0163ii \u015fi de la \u0163\u0103ranii din sat. \u00cen 1897 e dat la \u015fcoala teologic\u0103 din Chi\u0219in\u0103u, pe care o absolve\u015fte (conform adeverin\u0163ei de absolvire) \u00een 1902, \u201ecu privilegii\u201d. \u00ce\u015fi continu\u0103 studiile la seminarul teologic, unde se \u00eemprietene\u015fte cu viitorul sculptor Alexandru Plamadeal\u0103, coleg la seminar. Tat\u0103l lui Alexei Mateevici decedeaz\u0103 la 43 de ani.<\/p>\n\n\n\n<p class=\"wp-block-paragraph\">\u00cen 1907, \u00een primele numere ale ziarului \u201eBasarabia\u201d (din 1907) public\u0103 poeziile \u201e\u0162\u0103ranii\u201d, \u201eEu c\u00eent\u201d, \u201e\u0162ara\u201d, precum \u015fi articolele \u201eSf\u00eentul Vasile \u2013 Anul Nou \u00een obiceiurile moldovenilor basarabeni\u201d \u015fi \u201eDin c\u00eentecele poporane ale Basarabiei\u201d.<\/p>\n\n\n\n<p class=\"wp-block-paragraph\">Devenit student la Academia teologic\u0103 din Kiev, pe care o absolve\u015fte \u00een 1914, \u201eMateevici tr\u0103ia ca \u00eentr-o be\u0163ie a cititului\u201d.Traducerile sale din literatura rus\u0103 clasic\u0103 de asemenea s\u00eent o \u015fcoal\u0103 serioas\u0103 pentru poet. Studierea profund\u0103 a literaturii \u00eenainta\u015filor, a trecutului istoric \u015fi cultural al poporului s\u0103u se \u00eentrevede \u00een studiile \u015fi articolele publicate \u00een \u201eKi\u015fineovskie eparhialin\u00eee vedomosti\u201d: \u201eMomente ale influen\u0163ei biserice\u015fti asupra originii \u015fi dezvolt\u0103rii istorice a limbii moldovene\u015fti\u201d, \u201eMotive religioase \u00een credin\u0163ele \u015fi obiceiurile moldovenilor basarabeni\u201d, \u201eBocetele funerare moldovene\u015fti\u201d, \u201eSchi\u0163\u0103 a traducerilor moldovene\u015fti religioase \u015fi de trai\u201d. \u00cen revista \u201eLuminatorul\u201d tip\u0103re\u015fte studiul \u201eMitropolitul Gavril B\u0103nulescu-Bodoni\u201d.&nbsp;<\/p>\n\n\n\n<p class=\"wp-block-paragraph\">\u00cen 1914 se c\u0103s\u0103tore\u015fte cu Teodora Borisovna Novitschi \u015fi se repatriaz\u0103 la Chi\u015fin\u0103u. Un timp pred\u0103 limba greac\u0103 la seminarul unde \u00eenv\u0103\u0163ase. Este preocupat de viitorul meleagului natal, de vestigiile trecutului, se afl\u0103 \u00een tumultul vie\u0163ii, \u0163ine o cuv\u00eentare \u00een fa\u0163a absolven\u0163ilor seminarului din Chi\u0219in\u0103u, viziteaz\u0103 str\u0103vechea biseric\u0103 din C\u0103u\u015feni, despre care spune c\u0103 e \u201euimitor de bine p\u0103strat\u0103\u201d. \u00cen prima jum\u0103tate a anului 1917 scrie poeziile: \u201eV\u0103d pr\u0103bu\u015firea\u201d, \u201eC\u00eentec de leag\u0103n\u201d, \u201eBasarabenilor\u201d, \u201eFrunza nucului\u201d, \u201eUnora\u201d etc. La 17 iuliescrie fermec\u0103torul poem \u201eLimba noastr\u0103\u201d, o excelent\u0103 od\u0103 \u00eenchinat\u0103 limbii moldovene\u015fti. La 13 august (stil vechi), bolnav de tifos exantematic, moare la spitalul nr.1 din Chi\u0219in\u0103u \u015fi e \u00eenhumat la cimitirul central de pe strada Armeneasc\u0103.<\/p>\n\n\n\n<p class=\"wp-block-paragraph\">\u00cen anul 1934 pe morm\u00eentul lui a fost ridicat un bust creat de sculptorul Alexandru Pl\u0103m\u0103deal\u0103, pe care-l cuno\u015ftea din 1910. Mo\u015ftenirea literar\u0103 a lui Mateevici a fost editat\u0103 \u00een 2 volume \u00een anul 1993.<\/p>\n\n\n\n<figure class=\"wp-block-image size-full\"><img  title=\"\" loading=\"lazy\" decoding=\"async\" width=\"505\" height=\"754\" src=\"https:\/\/voceamoldovei.org\/wp-content\/uploads\/2026\/08\/captura-de-ecran-2024-08-30-133927.webp\"  alt=\"captura-de-ecran-2024-08-30-133927 \u0410\u043b\u0435\u043a\u0441\u0435\u0439 \u041c\u0430\u0442\u0435\u0435\u0432\u0438\u0447 \u2013 \u043f\u043e\u044d\u0442 \u0432\u043e\u0441\u043f\u0435\u0432\u0448\u0438\u0439 \u0440\u043e\u0434\u043d\u043e\u0439 \u044f\u0437\u044b\u043a\"  class=\"wp-image-6779\" srcset=\"https:\/\/voceamoldovei.org\/wp-content\/uploads\/2026\/08\/captura-de-ecran-2024-08-30-133927.webp 505w, https:\/\/voceamoldovei.org\/wp-content\/uploads\/2026\/08\/captura-de-ecran-2024-08-30-133927-201x300.webp 201w, https:\/\/voceamoldovei.org\/wp-content\/uploads\/2026\/08\/captura-de-ecran-2024-08-30-133927-8x12.webp 8w\" sizes=\"auto, (max-width: 505px) 100vw, 505px\" \/><\/figure>","protected":false},"excerpt":{"rendered":"<p>\u0410\u043b\u0435\u043a\u0441\u0435\u0439 \u041c\u0430\u0442\u0435\u0435\u0432\u0438\u0447 (27 \u043c\u0430\u0440\u0442\u0430 1888, \u041a\u044d\u0439\u043d\u0430\u0440\u044b \u2212 24 \u0430\u0432\u0433\u0443\u0441\u0442\u0430 1917, \u041a\u0438\u0448\u0438\u043d\u0451\u0432) \u2212 \u0441\u0432\u044f\u0449\u0435\u043d\u043d\u0438\u043a-\u043f\u043e\u044d\u0442 \u0438 \u043f\u043e\u044d\u0442-\u0441\u0432\u044f\u0449\u0435\u043d\u043d\u0438\u043a, \u043a\u043e\u0442\u043e\u0440\u044b\u0439 \u0437\u0430\u0434\u0443\u0448\u0435\u0432\u043d\u043e \u0432\u043e\u0441\u043f\u0435\u0432\u0430\u043b \u0433\u043e\u0440\u0435 \u0438 \u043d\u0430\u0434\u0435\u0436\u0434\u0443 \u043c\u043e\u043b\u0434\u0430\u0432\u0430\u043d, \u0432\u043e\u0441\u0445\u0432\u0430\u043b\u044f\u043b \u043c\u043e\u043b\u0434\u0430\u0432\u0441\u043a\u0438\u0439 \u044f\u0437\u044b\u043a, \u043a\u043e\u043c\u043f\u0435\u0442\u0435\u043d\u0442\u043d\u043e \u043d\u0430\u043f\u0438\u0441\u0430\u043b \u043e \u0441\u043b\u0430\u0432\u044f\u043d\u0441\u043a\u0438\u0445 \u0432\u043b\u0438\u044f\u043d\u0438\u044f\u0445 \u043d\u0430 \u0440\u043e\u0434\u043d\u043e\u0439 \u044f\u0437\u044b\u043a. \u0420\u043e\u0434\u0438\u043b\u0441\u044f \u0432 \u0441\u0435\u043c\u044c\u0435 \u0441\u0432\u044f\u0449\u0435\u043d\u043d\u0438\u043a\u0430 \u041c\u0438\u0445\u0430\u0438\u043b\u0430 \u041c\u0430\u0442\u0435\u0435\u0432\u0438\u0447\u0430, \u0440\u043e\u0434\u043e\u043c \u0438\u0437 \u0421\u043e\u0440\u043e\u043a\u0441\u043a\u043e\u0433\u043e \u0443\u0435\u0437\u0434\u0430, \u0438 \u041d\u0430\u0434\u0435\u0436\u0434\u044b (1863-1930), \u0434\u043e\u0447\u0435\u0440\u0438 \u043f\u0440\u043e\u0442\u043e\u043f\u043e\u043f\u0430 \u0418\u043e\u0430\u043d\u043d\u0430 \u041d\u044f\u0433\u0438 \u0438\u0437 \u041a\u044d\u0443\u0448\u0430\u043d. \u0410\u043b\u0435\u043a\u0441\u0435\u0439 \u0443\u0447\u0438\u0442\u0441\u044f \u0432 [&hellip;]<\/p>","protected":false},"author":1,"featured_media":6778,"comment_status":"open","ping_status":"open","sticky":false,"template":"","format":"standard","meta":{"_acf_changed":false,"footnotes":""},"categories":[7,39,38],"tags":[],"class_list":["post-6777","post","type-post","status-publish","format-standard","has-post-thumbnail","hentry","category-lifestyle","category-news-from-moldova","category-society"],"acf":[],"yoast_head":"<!-- This site is optimized with the Yoast SEO plugin v25.3 - https:\/\/yoast.com\/wordpress\/plugins\/seo\/ -->\n<title>\u0410\u043b\u0435\u043a\u0441\u0435\u0439 \u041c\u0430\u0442\u0435\u0435\u0432\u0438\u0447 \u2013 \u043f\u043e\u044d\u0442 \u0432\u043e\u0441\u043f\u0435\u0432\u0448\u0438\u0439 \u0440\u043e\u0434\u043d\u043e\u0439 \u044f\u0437\u044b\u043a - voceamoldovei<\/title>\n<meta name=\"robots\" content=\"index, follow, max-snippet:-1, max-image-preview:large, max-video-preview:-1\" \/>\n<link rel=\"canonical\" href=\"https:\/\/voceamoldovei.org\/md\/aleksej-mateevich-poet-vospevshij-rodnoj-yazyk\/\" \/>\n<meta property=\"og:locale\" content=\"ro_RO\" \/>\n<meta property=\"og:type\" content=\"article\" \/>\n<meta property=\"og:title\" content=\"\u0410\u043b\u0435\u043a\u0441\u0435\u0439 \u041c\u0430\u0442\u0435\u0435\u0432\u0438\u0447 \u2013 \u043f\u043e\u044d\u0442 \u0432\u043e\u0441\u043f\u0435\u0432\u0448\u0438\u0439 \u0440\u043e\u0434\u043d\u043e\u0439 \u044f\u0437\u044b\u043a - voceamoldovei\" \/>\n<meta property=\"og:description\" content=\"\u0410\u043b\u0435\u043a\u0441\u0435\u0439 \u041c\u0430\u0442\u0435\u0435\u0432\u0438\u0447 (27 \u043c\u0430\u0440\u0442\u0430 1888, \u041a\u044d\u0439\u043d\u0430\u0440\u044b \u2212 24 \u0430\u0432\u0433\u0443\u0441\u0442\u0430 1917, \u041a\u0438\u0448\u0438\u043d\u0451\u0432) \u2212 \u0441\u0432\u044f\u0449\u0435\u043d\u043d\u0438\u043a-\u043f\u043e\u044d\u0442 \u0438 \u043f\u043e\u044d\u0442-\u0441\u0432\u044f\u0449\u0435\u043d\u043d\u0438\u043a, \u043a\u043e\u0442\u043e\u0440\u044b\u0439 \u0437\u0430\u0434\u0443\u0448\u0435\u0432\u043d\u043e \u0432\u043e\u0441\u043f\u0435\u0432\u0430\u043b \u0433\u043e\u0440\u0435 \u0438 \u043d\u0430\u0434\u0435\u0436\u0434\u0443 \u043c\u043e\u043b\u0434\u0430\u0432\u0430\u043d, \u0432\u043e\u0441\u0445\u0432\u0430\u043b\u044f\u043b \u043c\u043e\u043b\u0434\u0430\u0432\u0441\u043a\u0438\u0439 \u044f\u0437\u044b\u043a, \u043a\u043e\u043c\u043f\u0435\u0442\u0435\u043d\u0442\u043d\u043e \u043d\u0430\u043f\u0438\u0441\u0430\u043b \u043e \u0441\u043b\u0430\u0432\u044f\u043d\u0441\u043a\u0438\u0445 \u0432\u043b\u0438\u044f\u043d\u0438\u044f\u0445 \u043d\u0430 \u0440\u043e\u0434\u043d\u043e\u0439 \u044f\u0437\u044b\u043a. \u0420\u043e\u0434\u0438\u043b\u0441\u044f \u0432 \u0441\u0435\u043c\u044c\u0435 \u0441\u0432\u044f\u0449\u0435\u043d\u043d\u0438\u043a\u0430 \u041c\u0438\u0445\u0430\u0438\u043b\u0430 \u041c\u0430\u0442\u0435\u0435\u0432\u0438\u0447\u0430, \u0440\u043e\u0434\u043e\u043c \u0438\u0437 \u0421\u043e\u0440\u043e\u043a\u0441\u043a\u043e\u0433\u043e \u0443\u0435\u0437\u0434\u0430, \u0438 \u041d\u0430\u0434\u0435\u0436\u0434\u044b (1863-1930), \u0434\u043e\u0447\u0435\u0440\u0438 \u043f\u0440\u043e\u0442\u043e\u043f\u043e\u043f\u0430 \u0418\u043e\u0430\u043d\u043d\u0430 \u041d\u044f\u0433\u0438 \u0438\u0437 \u041a\u044d\u0443\u0448\u0430\u043d. \u0410\u043b\u0435\u043a\u0441\u0435\u0439 \u0443\u0447\u0438\u0442\u0441\u044f \u0432 [&hellip;]\" \/>\n<meta property=\"og:url\" content=\"https:\/\/voceamoldovei.org\/md\/aleksej-mateevich-poet-vospevshij-rodnoj-yazyk\/\" \/>\n<meta property=\"og:site_name\" content=\"voceamoldovei\" \/>\n<meta property=\"article:published_time\" content=\"2026-08-31T09:08:43+00:00\" \/>\n<meta property=\"article:modified_time\" content=\"2026-08-31T09:08:44+00:00\" \/>\n<meta property=\"og:image\" content=\"https:\/\/voceamoldovei.org\/wp-content\/uploads\/2026\/08\/387572.jpg\" \/>\n\t<meta property=\"og:image:width\" content=\"760\" \/>\n\t<meta property=\"og:image:height\" content=\"500\" \/>\n\t<meta property=\"og:image:type\" content=\"image\/jpeg\" \/>\n<meta name=\"author\" content=\"admin\" \/>\n<meta name=\"twitter:card\" content=\"summary_large_image\" \/>\n<meta name=\"twitter:label1\" content=\"Scris de\" \/>\n\t<meta name=\"twitter:data1\" content=\"admin\" \/>\n\t<meta name=\"twitter:label2\" content=\"Timp estimat pentru citire\" \/>\n\t<meta name=\"twitter:data2\" content=\"3 minute\" \/>\n<script type=\"application\/ld+json\" class=\"yoast-schema-graph\">{\"@context\":\"https:\/\/schema.org\",\"@graph\":[{\"@type\":\"Article\",\"@id\":\"https:\/\/voceamoldovei.org\/aleksej-mateevich-poet-vospevshij-rodnoj-yazyk\/#article\",\"isPartOf\":{\"@id\":\"https:\/\/voceamoldovei.org\/aleksej-mateevich-poet-vospevshij-rodnoj-yazyk\/\"},\"author\":{\"name\":\"admin\",\"@id\":\"https:\/\/voceamoldovei.org\/#\/schema\/person\/f3d530272d60bace5ec1386d94304e3b\"},\"headline\":\"\u0410\u043b\u0435\u043a\u0441\u0435\u0439 \u041c\u0430\u0442\u0435\u0435\u0432\u0438\u0447 \u2013 \u043f\u043e\u044d\u0442 \u0432\u043e\u0441\u043f\u0435\u0432\u0448\u0438\u0439 \u0440\u043e\u0434\u043d\u043e\u0439 \u044f\u0437\u044b\u043a\",\"datePublished\":\"2026-08-31T09:08:43+00:00\",\"dateModified\":\"2026-08-31T09:08:44+00:00\",\"mainEntityOfPage\":{\"@id\":\"https:\/\/voceamoldovei.org\/aleksej-mateevich-poet-vospevshij-rodnoj-yazyk\/\"},\"wordCount\":339,\"commentCount\":0,\"publisher\":{\"@id\":\"https:\/\/voceamoldovei.org\/#organization\"},\"image\":{\"@id\":\"https:\/\/voceamoldovei.org\/aleksej-mateevich-poet-vospevshij-rodnoj-yazyk\/#primaryimage\"},\"thumbnailUrl\":\"https:\/\/voceamoldovei.org\/wp-content\/uploads\/2026\/08\/387572.jpg\",\"articleSection\":[\"\u0416\u0438\u0437\u043d\u044c\",\"\u041d\u043e\u0432\u043e\u0441\u0442\u0438 \u041c\u043e\u043b\u0434\u043e\u0432\u044b\",\"\u041e\u0431\u0449\u0435\u0441\u0442\u0432\u043e\"],\"inLanguage\":\"ro-RO\",\"potentialAction\":[{\"@type\":\"CommentAction\",\"name\":\"Comment\",\"target\":[\"https:\/\/voceamoldovei.org\/aleksej-mateevich-poet-vospevshij-rodnoj-yazyk\/#respond\"]}]},{\"@type\":\"WebPage\",\"@id\":\"https:\/\/voceamoldovei.org\/aleksej-mateevich-poet-vospevshij-rodnoj-yazyk\/\",\"url\":\"https:\/\/voceamoldovei.org\/aleksej-mateevich-poet-vospevshij-rodnoj-yazyk\/\",\"name\":\"\u0410\u043b\u0435\u043a\u0441\u0435\u0439 \u041c\u0430\u0442\u0435\u0435\u0432\u0438\u0447 \u2013 \u043f\u043e\u044d\u0442 \u0432\u043e\u0441\u043f\u0435\u0432\u0448\u0438\u0439 \u0440\u043e\u0434\u043d\u043e\u0439 \u044f\u0437\u044b\u043a - voceamoldovei\",\"isPartOf\":{\"@id\":\"https:\/\/voceamoldovei.org\/#website\"},\"primaryImageOfPage\":{\"@id\":\"https:\/\/voceamoldovei.org\/aleksej-mateevich-poet-vospevshij-rodnoj-yazyk\/#primaryimage\"},\"image\":{\"@id\":\"https:\/\/voceamoldovei.org\/aleksej-mateevich-poet-vospevshij-rodnoj-yazyk\/#primaryimage\"},\"thumbnailUrl\":\"https:\/\/voceamoldovei.org\/wp-content\/uploads\/2026\/08\/387572.jpg\",\"datePublished\":\"2026-08-31T09:08:43+00:00\",\"dateModified\":\"2026-08-31T09:08:44+00:00\",\"breadcrumb\":{\"@id\":\"https:\/\/voceamoldovei.org\/aleksej-mateevich-poet-vospevshij-rodnoj-yazyk\/#breadcrumb\"},\"inLanguage\":\"ro-RO\",\"potentialAction\":[{\"@type\":\"ReadAction\",\"target\":[\"https:\/\/voceamoldovei.org\/aleksej-mateevich-poet-vospevshij-rodnoj-yazyk\/\"]}]},{\"@type\":\"ImageObject\",\"inLanguage\":\"ro-RO\",\"@id\":\"https:\/\/voceamoldovei.org\/aleksej-mateevich-poet-vospevshij-rodnoj-yazyk\/#primaryimage\",\"url\":\"https:\/\/voceamoldovei.org\/wp-content\/uploads\/2026\/08\/387572.jpg\",\"contentUrl\":\"https:\/\/voceamoldovei.org\/wp-content\/uploads\/2026\/08\/387572.jpg\",\"width\":760,\"height\":500},{\"@type\":\"BreadcrumbList\",\"@id\":\"https:\/\/voceamoldovei.org\/aleksej-mateevich-poet-vospevshij-rodnoj-yazyk\/#breadcrumb\",\"itemListElement\":[{\"@type\":\"ListItem\",\"position\":1,\"name\":\"\u0413\u043b\u0430\u0432\u043d\u0430\u044f \u0441\u0442\u0440\u0430\u043d\u0438\u0446\u0430\",\"item\":\"https:\/\/voceamoldovei.org\/\"},{\"@type\":\"ListItem\",\"position\":2,\"name\":\"\u0410\u043b\u0435\u043a\u0441\u0435\u0439 \u041c\u0430\u0442\u0435\u0435\u0432\u0438\u0447 \u2013 \u043f\u043e\u044d\u0442 \u0432\u043e\u0441\u043f\u0435\u0432\u0448\u0438\u0439 \u0440\u043e\u0434\u043d\u043e\u0439 \u044f\u0437\u044b\u043a\"}]},{\"@type\":\"WebSite\",\"@id\":\"https:\/\/voceamoldovei.org\/#website\",\"url\":\"https:\/\/voceamoldovei.org\/\",\"name\":\"voceamoldovei\",\"description\":\"\",\"publisher\":{\"@id\":\"https:\/\/voceamoldovei.org\/#organization\"},\"potentialAction\":[{\"@type\":\"SearchAction\",\"target\":{\"@type\":\"EntryPoint\",\"urlTemplate\":\"https:\/\/voceamoldovei.org\/?s={search_term_string}\"},\"query-input\":{\"@type\":\"PropertyValueSpecification\",\"valueRequired\":true,\"valueName\":\"search_term_string\"}}],\"inLanguage\":\"ro-RO\"},{\"@type\":\"Organization\",\"@id\":\"https:\/\/voceamoldovei.org\/#organization\",\"name\":\"voceamoldovei\",\"url\":\"https:\/\/voceamoldovei.org\/\",\"logo\":{\"@type\":\"ImageObject\",\"inLanguage\":\"ro-RO\",\"@id\":\"https:\/\/voceamoldovei.org\/#\/schema\/logo\/image\/\",\"url\":\"https:\/\/voceamoldovei.org\/wp-content\/uploads\/2025\/06\/logo.svg\",\"contentUrl\":\"https:\/\/voceamoldovei.org\/wp-content\/uploads\/2025\/06\/logo.svg\",\"width\":360,\"height\":60,\"caption\":\"voceamoldovei\"},\"image\":{\"@id\":\"https:\/\/voceamoldovei.org\/#\/schema\/logo\/image\/\"}},{\"@type\":\"Person\",\"@id\":\"https:\/\/voceamoldovei.org\/#\/schema\/person\/f3d530272d60bace5ec1386d94304e3b\",\"name\":\"admin\",\"image\":{\"@type\":\"ImageObject\",\"inLanguage\":\"ro-RO\",\"@id\":\"https:\/\/voceamoldovei.org\/#\/schema\/person\/image\/\",\"url\":\"https:\/\/secure.gravatar.com\/avatar\/af3899bbfd6aae24f1ff3c658f2724ade3af343534e6458edd7b2a5926b523da?s=96&d=mm&r=g\",\"contentUrl\":\"https:\/\/secure.gravatar.com\/avatar\/af3899bbfd6aae24f1ff3c658f2724ade3af343534e6458edd7b2a5926b523da?s=96&d=mm&r=g\",\"caption\":\"admin\"},\"sameAs\":[\"https:\/\/voceamoldovei.org\"],\"url\":\"https:\/\/voceamoldovei.org\/md\/author\/admin\/\"}]}<\/script>\n<!-- \/ Yoast SEO plugin. -->","yoast_head_json":{"title":"\u0410\u043b\u0435\u043a\u0441\u0435\u0439 \u041c\u0430\u0442\u0435\u0435\u0432\u0438\u0447 \u2013 \u043f\u043e\u044d\u0442 \u0432\u043e\u0441\u043f\u0435\u0432\u0448\u0438\u0439 \u0440\u043e\u0434\u043d\u043e\u0439 \u044f\u0437\u044b\u043a - voceamoldovei","robots":{"index":"index","follow":"follow","max-snippet":"max-snippet:-1","max-image-preview":"max-image-preview:large","max-video-preview":"max-video-preview:-1"},"canonical":"https:\/\/voceamoldovei.org\/md\/aleksej-mateevich-poet-vospevshij-rodnoj-yazyk\/","og_locale":"ro_RO","og_type":"article","og_title":"\u0410\u043b\u0435\u043a\u0441\u0435\u0439 \u041c\u0430\u0442\u0435\u0435\u0432\u0438\u0447 \u2013 \u043f\u043e\u044d\u0442 \u0432\u043e\u0441\u043f\u0435\u0432\u0448\u0438\u0439 \u0440\u043e\u0434\u043d\u043e\u0439 \u044f\u0437\u044b\u043a - voceamoldovei","og_description":"\u0410\u043b\u0435\u043a\u0441\u0435\u0439 \u041c\u0430\u0442\u0435\u0435\u0432\u0438\u0447 (27 \u043c\u0430\u0440\u0442\u0430 1888, \u041a\u044d\u0439\u043d\u0430\u0440\u044b \u2212 24 \u0430\u0432\u0433\u0443\u0441\u0442\u0430 1917, \u041a\u0438\u0448\u0438\u043d\u0451\u0432) \u2212 \u0441\u0432\u044f\u0449\u0435\u043d\u043d\u0438\u043a-\u043f\u043e\u044d\u0442 \u0438 \u043f\u043e\u044d\u0442-\u0441\u0432\u044f\u0449\u0435\u043d\u043d\u0438\u043a, \u043a\u043e\u0442\u043e\u0440\u044b\u0439 \u0437\u0430\u0434\u0443\u0448\u0435\u0432\u043d\u043e \u0432\u043e\u0441\u043f\u0435\u0432\u0430\u043b \u0433\u043e\u0440\u0435 \u0438 \u043d\u0430\u0434\u0435\u0436\u0434\u0443 \u043c\u043e\u043b\u0434\u0430\u0432\u0430\u043d, \u0432\u043e\u0441\u0445\u0432\u0430\u043b\u044f\u043b \u043c\u043e\u043b\u0434\u0430\u0432\u0441\u043a\u0438\u0439 \u044f\u0437\u044b\u043a, \u043a\u043e\u043c\u043f\u0435\u0442\u0435\u043d\u0442\u043d\u043e \u043d\u0430\u043f\u0438\u0441\u0430\u043b \u043e \u0441\u043b\u0430\u0432\u044f\u043d\u0441\u043a\u0438\u0445 \u0432\u043b\u0438\u044f\u043d\u0438\u044f\u0445 \u043d\u0430 \u0440\u043e\u0434\u043d\u043e\u0439 \u044f\u0437\u044b\u043a. \u0420\u043e\u0434\u0438\u043b\u0441\u044f \u0432 \u0441\u0435\u043c\u044c\u0435 \u0441\u0432\u044f\u0449\u0435\u043d\u043d\u0438\u043a\u0430 \u041c\u0438\u0445\u0430\u0438\u043b\u0430 \u041c\u0430\u0442\u0435\u0435\u0432\u0438\u0447\u0430, \u0440\u043e\u0434\u043e\u043c \u0438\u0437 \u0421\u043e\u0440\u043e\u043a\u0441\u043a\u043e\u0433\u043e \u0443\u0435\u0437\u0434\u0430, \u0438 \u041d\u0430\u0434\u0435\u0436\u0434\u044b (1863-1930), \u0434\u043e\u0447\u0435\u0440\u0438 \u043f\u0440\u043e\u0442\u043e\u043f\u043e\u043f\u0430 \u0418\u043e\u0430\u043d\u043d\u0430 \u041d\u044f\u0433\u0438 \u0438\u0437 \u041a\u044d\u0443\u0448\u0430\u043d. \u0410\u043b\u0435\u043a\u0441\u0435\u0439 \u0443\u0447\u0438\u0442\u0441\u044f \u0432 [&hellip;]","og_url":"https:\/\/voceamoldovei.org\/md\/aleksej-mateevich-poet-vospevshij-rodnoj-yazyk\/","og_site_name":"voceamoldovei","article_published_time":"2026-08-31T09:08:43+00:00","article_modified_time":"2026-08-31T09:08:44+00:00","og_image":[{"width":760,"height":500,"url":"https:\/\/voceamoldovei.org\/wp-content\/uploads\/2026\/08\/387572.jpg","type":"image\/jpeg"}],"author":"admin","twitter_card":"summary_large_image","twitter_misc":{"Scris de":"admin","Timp estimat pentru citire":"3 minute"},"schema":{"@context":"https:\/\/schema.org","@graph":[{"@type":"Article","@id":"https:\/\/voceamoldovei.org\/aleksej-mateevich-poet-vospevshij-rodnoj-yazyk\/#article","isPartOf":{"@id":"https:\/\/voceamoldovei.org\/aleksej-mateevich-poet-vospevshij-rodnoj-yazyk\/"},"author":{"name":"admin","@id":"https:\/\/voceamoldovei.org\/#\/schema\/person\/f3d530272d60bace5ec1386d94304e3b"},"headline":"\u0410\u043b\u0435\u043a\u0441\u0435\u0439 \u041c\u0430\u0442\u0435\u0435\u0432\u0438\u0447 \u2013 \u043f\u043e\u044d\u0442 \u0432\u043e\u0441\u043f\u0435\u0432\u0448\u0438\u0439 \u0440\u043e\u0434\u043d\u043e\u0439 \u044f\u0437\u044b\u043a","datePublished":"2026-08-31T09:08:43+00:00","dateModified":"2026-08-31T09:08:44+00:00","mainEntityOfPage":{"@id":"https:\/\/voceamoldovei.org\/aleksej-mateevich-poet-vospevshij-rodnoj-yazyk\/"},"wordCount":339,"commentCount":0,"publisher":{"@id":"https:\/\/voceamoldovei.org\/#organization"},"image":{"@id":"https:\/\/voceamoldovei.org\/aleksej-mateevich-poet-vospevshij-rodnoj-yazyk\/#primaryimage"},"thumbnailUrl":"https:\/\/voceamoldovei.org\/wp-content\/uploads\/2026\/08\/387572.jpg","articleSection":["\u0416\u0438\u0437\u043d\u044c","\u041d\u043e\u0432\u043e\u0441\u0442\u0438 \u041c\u043e\u043b\u0434\u043e\u0432\u044b","\u041e\u0431\u0449\u0435\u0441\u0442\u0432\u043e"],"inLanguage":"ro-RO","potentialAction":[{"@type":"CommentAction","name":"Comment","target":["https:\/\/voceamoldovei.org\/aleksej-mateevich-poet-vospevshij-rodnoj-yazyk\/#respond"]}]},{"@type":"WebPage","@id":"https:\/\/voceamoldovei.org\/aleksej-mateevich-poet-vospevshij-rodnoj-yazyk\/","url":"https:\/\/voceamoldovei.org\/aleksej-mateevich-poet-vospevshij-rodnoj-yazyk\/","name":"\u0410\u043b\u0435\u043a\u0441\u0435\u0439 \u041c\u0430\u0442\u0435\u0435\u0432\u0438\u0447 \u2013 \u043f\u043e\u044d\u0442 \u0432\u043e\u0441\u043f\u0435\u0432\u0448\u0438\u0439 \u0440\u043e\u0434\u043d\u043e\u0439 \u044f\u0437\u044b\u043a - voceamoldovei","isPartOf":{"@id":"https:\/\/voceamoldovei.org\/#website"},"primaryImageOfPage":{"@id":"https:\/\/voceamoldovei.org\/aleksej-mateevich-poet-vospevshij-rodnoj-yazyk\/#primaryimage"},"image":{"@id":"https:\/\/voceamoldovei.org\/aleksej-mateevich-poet-vospevshij-rodnoj-yazyk\/#primaryimage"},"thumbnailUrl":"https:\/\/voceamoldovei.org\/wp-content\/uploads\/2026\/08\/387572.jpg","datePublished":"2026-08-31T09:08:43+00:00","dateModified":"2026-08-31T09:08:44+00:00","breadcrumb":{"@id":"https:\/\/voceamoldovei.org\/aleksej-mateevich-poet-vospevshij-rodnoj-yazyk\/#breadcrumb"},"inLanguage":"ro-RO","potentialAction":[{"@type":"ReadAction","target":["https:\/\/voceamoldovei.org\/aleksej-mateevich-poet-vospevshij-rodnoj-yazyk\/"]}]},{"@type":"ImageObject","inLanguage":"ro-RO","@id":"https:\/\/voceamoldovei.org\/aleksej-mateevich-poet-vospevshij-rodnoj-yazyk\/#primaryimage","url":"https:\/\/voceamoldovei.org\/wp-content\/uploads\/2026\/08\/387572.jpg","contentUrl":"https:\/\/voceamoldovei.org\/wp-content\/uploads\/2026\/08\/387572.jpg","width":760,"height":500},{"@type":"BreadcrumbList","@id":"https:\/\/voceamoldovei.org\/aleksej-mateevich-poet-vospevshij-rodnoj-yazyk\/#breadcrumb","itemListElement":[{"@type":"ListItem","position":1,"name":"\u0413\u043b\u0430\u0432\u043d\u0430\u044f \u0441\u0442\u0440\u0430\u043d\u0438\u0446\u0430","item":"https:\/\/voceamoldovei.org\/"},{"@type":"ListItem","position":2,"name":"\u0410\u043b\u0435\u043a\u0441\u0435\u0439 \u041c\u0430\u0442\u0435\u0435\u0432\u0438\u0447 \u2013 \u043f\u043e\u044d\u0442 \u0432\u043e\u0441\u043f\u0435\u0432\u0448\u0438\u0439 \u0440\u043e\u0434\u043d\u043e\u0439 \u044f\u0437\u044b\u043a"}]},{"@type":"WebSite","@id":"https:\/\/voceamoldovei.org\/#website","url":"https:\/\/voceamoldovei.org\/","name":"voceamoldovei","description":"","publisher":{"@id":"https:\/\/voceamoldovei.org\/#organization"},"potentialAction":[{"@type":"SearchAction","target":{"@type":"EntryPoint","urlTemplate":"https:\/\/voceamoldovei.org\/?s={search_term_string}"},"query-input":{"@type":"PropertyValueSpecification","valueRequired":true,"valueName":"search_term_string"}}],"inLanguage":"ro-RO"},{"@type":"Organization","@id":"https:\/\/voceamoldovei.org\/#organization","name":"voceamoldovei","url":"https:\/\/voceamoldovei.org\/","logo":{"@type":"ImageObject","inLanguage":"ro-RO","@id":"https:\/\/voceamoldovei.org\/#\/schema\/logo\/image\/","url":"https:\/\/voceamoldovei.org\/wp-content\/uploads\/2025\/06\/logo.svg","contentUrl":"https:\/\/voceamoldovei.org\/wp-content\/uploads\/2025\/06\/logo.svg","width":360,"height":60,"caption":"voceamoldovei"},"image":{"@id":"https:\/\/voceamoldovei.org\/#\/schema\/logo\/image\/"}},{"@type":"Person","@id":"https:\/\/voceamoldovei.org\/#\/schema\/person\/f3d530272d60bace5ec1386d94304e3b","name":"admin","image":{"@type":"ImageObject","inLanguage":"ro-RO","@id":"https:\/\/voceamoldovei.org\/#\/schema\/person\/image\/","url":"https:\/\/secure.gravatar.com\/avatar\/af3899bbfd6aae24f1ff3c658f2724ade3af343534e6458edd7b2a5926b523da?s=96&d=mm&r=g","contentUrl":"https:\/\/secure.gravatar.com\/avatar\/af3899bbfd6aae24f1ff3c658f2724ade3af343534e6458edd7b2a5926b523da?s=96&d=mm&r=g","caption":"admin"},"sameAs":["https:\/\/voceamoldovei.org"],"url":"https:\/\/voceamoldovei.org\/md\/author\/admin\/"}]}},"_links":{"self":[{"href":"https:\/\/voceamoldovei.org\/md\/wp-json\/wp\/v2\/posts\/6777","targetHints":{"allow":["GET"]}}],"collection":[{"href":"https:\/\/voceamoldovei.org\/md\/wp-json\/wp\/v2\/posts"}],"about":[{"href":"https:\/\/voceamoldovei.org\/md\/wp-json\/wp\/v2\/types\/post"}],"author":[{"embeddable":true,"href":"https:\/\/voceamoldovei.org\/md\/wp-json\/wp\/v2\/users\/1"}],"replies":[{"embeddable":true,"href":"https:\/\/voceamoldovei.org\/md\/wp-json\/wp\/v2\/comments?post=6777"}],"version-history":[{"count":1,"href":"https:\/\/voceamoldovei.org\/md\/wp-json\/wp\/v2\/posts\/6777\/revisions"}],"predecessor-version":[{"id":6780,"href":"https:\/\/voceamoldovei.org\/md\/wp-json\/wp\/v2\/posts\/6777\/revisions\/6780"}],"wp:featuredmedia":[{"embeddable":true,"href":"https:\/\/voceamoldovei.org\/md\/wp-json\/wp\/v2\/media\/6778"}],"wp:attachment":[{"href":"https:\/\/voceamoldovei.org\/md\/wp-json\/wp\/v2\/media?parent=6777"}],"wp:term":[{"taxonomy":"category","embeddable":true,"href":"https:\/\/voceamoldovei.org\/md\/wp-json\/wp\/v2\/categories?post=6777"},{"taxonomy":"post_tag","embeddable":true,"href":"https:\/\/voceamoldovei.org\/md\/wp-json\/wp\/v2\/tags?post=6777"}],"curies":[{"name":"wp","href":"https:\/\/api.w.org\/{rel}","templated":true}]}}