{"id":6846,"date":"2026-09-05T12:37:01","date_gmt":"2026-09-05T09:37:01","guid":{"rendered":"https:\/\/voceamoldovei.org\/?p=6846"},"modified":"2026-09-05T12:37:03","modified_gmt":"2026-09-05T09:37:03","slug":"moldavskij-begun-radu-budan-vnov-uchastvuet-v-samoj-dlinnoj-sertificzirovannoj-gonke-mira","status":"publish","type":"post","link":"https:\/\/voceamoldovei.org\/md\/moldavskij-begun-radu-budan-vnov-uchastvuet-v-samoj-dlinnoj-sertificzirovannoj-gonke-mira\/","title":{"rendered":"Alerg\u0103torul moldovean Radu Budan revine la cea mai lung\u0103 curs\u0103 certificat\u0103 din lume"},"content":{"rendered":"<p class=\"wp-block-paragraph\">Alerg\u0103torul moldovean Radu Budan particip\u0103, pentru a doua oar\u0103, la una dintre cele mai dificile competi\u021bii de anduran\u021b\u0103 din lume \u2014 Sri Chinmoy Self-Transcendence 3100 Mile Race, desf\u0103\u0219urat\u0103 la New York, \u00een perioada 30 august \u2013 20 octombrie 2026.<\/p>\n\n\n\n<p class=\"wp-block-paragraph\">La edi\u021bia jubiliar\u0103, a 30-a, au fost admi\u0219i doar zece participan\u021bi, selecta\u021bi de organizatori. Pentru a \u00eencheia cursa \u00een termenul-limit\u0103 de 52 de zile, sportivii trebuie s\u0103 parcurg\u0103 3.100 de mile, echivalentul a aproximativ 4.989 de kilometri, ceea ce \u00eenseamn\u0103 \u00een medie circa 96 de kilometri pe zi.&nbsp;<\/p>\n\n\n\n<p class=\"wp-block-paragraph\">Competi\u021bia are un format neobi\u0219nuit. \u00cen fiecare diminea\u021b\u0103, alerg\u0103torii pornesc la ora 06:00 \u0219i pot continua p\u00een\u0103 la miezul nop\u021bii, f\u0103c\u00eend pauze atunci c\u00eend este necesar. Traseul este amenajat pe trotuarul din jurul unui liceu din Queens \u0219i are aproximativ 800 de metri, astfel \u00eenc\u00eet participan\u021bii repet\u0103 acela\u0219i circuit de mii de ori pe parcursul cursei.<\/p>\n\n\n\n<p class=\"wp-block-paragraph\">Evenimentul, al c\u0103rui concept central este autodep\u0103\u0219irea, este supranumit de presa interna\u021bional\u0103 \u201eEverestul ultra-alerg\u0103rii\u201d. Cursa a fost ini\u021biat\u0103 de Sri Chinmoy, iar de-a lungul anilor a atras aten\u021bia unor publica\u021bii precum BBC, The Wall Street Journal \u0219i The New York Times.&nbsp;<\/p>\n\n\n\n<p class=\"wp-block-paragraph\">Radu Budan a participat pentru prima dat\u0103 la aceast\u0103 curs\u0103 \u00een 2024 \u0219i a reu\u0219it s\u0103 parcurg\u0103 \u00eentreaga distan\u021b\u0103 din prima \u00eencercare. El a devenit atunci primul moldovean care a \u00eencheiat cea mai lung\u0103 curs\u0103 rutier\u0103 certificat\u0103 din lume.&nbsp;<\/p>\n\n\n\n<p class=\"wp-block-paragraph\">Sportivul a terminat edi\u021bia din 2024 pe locul cinci, \u00een 47 de zile, 5 ore, 58 de minute \u0219i 18 secunde, cu o medie de aproximativ 105 kilometri pe zi. Rezultatul a devenit record na\u021bional al Republicii Moldova \u0219i l-a plasat pe locul 20 \u00een clasamentul istoric al celor care au reu\u0219it s\u0103 finalizeze cursa de 3.100 de mile.&nbsp;<\/p>\n\n\n\n<p class=\"wp-block-paragraph\">Dup\u0103 atingerea distan\u021bei oficiale, Radu Budan a mai parcurs 13 ture pentru a ajunge la pragul simbolic de 5.000 de kilometri.&nbsp;<\/p>\n\n\n\n<p class=\"wp-block-paragraph\">\u00cen aprilie 2026, tot la New York, moldoveanul s-a clasat pe locul al doilea \u00een proba masculin\u0103 a unei curse de zece zile, dup\u0103 ce a acumulat 655 de mile, adic\u0103 1.054,44 kilometri. Aceast\u0103 performan\u021b\u0103 a stat la baza invita\u021biei sale pentru edi\u021bia din acest an a cursei de 3.100 de mile.&nbsp;<\/p>\n\n\n\n<p class=\"wp-block-paragraph\">La revenirea sa \u00een competi\u021bie, Radu Budan are \u0219ansa de a-\u0219i \u00eembun\u0103t\u0103\u021bi propriul record na\u021bional \u0219i de a confirma performan\u021ba ob\u021binut\u0103 la debut.<\/p>","protected":false},"excerpt":{"rendered":"<p>\u041c\u043e\u043b\u0434\u0430\u0432\u0441\u043a\u0438\u0439 \u0431\u0435\u0433\u0443\u043d \u0420\u0430\u0434\u0443 \u0411\u0443\u0434\u0430\u043d \u0432\u043e \u0432\u0442\u043e\u0440\u043e\u0439 \u0440\u0430\u0437 \u043f\u0440\u0438\u043d\u0438\u043c\u0430\u0435\u0442 \u0443\u0447\u0430\u0441\u0442\u0438\u0435 \u0432 \u043e\u0434\u043d\u043e\u0439 \u0438\u0437 \u0441\u0430\u043c\u044b\u0445 \u0441\u043b\u043e\u0436\u043d\u044b\u0445 \u0432 \u043c\u0438\u0440\u0435 \u0433\u043e\u043d\u043e\u043a \u043d\u0430 \u0432\u044b\u043d\u043e\u0441\u043b\u0438\u0432\u043e\u0441\u0442\u044c \u2014 Sri Chinmoy Self-Transcendence 3100 Mile Race, \u043a\u043e\u0442\u043e\u0440\u0430\u044f \u043f\u0440\u043e\u0445\u043e\u0434\u0438\u0442 \u0432 \u041d\u044c\u044e-\u0419\u043e\u0440\u043a\u0435 \u0441 30 \u0430\u0432\u0433\u0443\u0441\u0442\u0430 \u043f\u043e 20 \u043e\u043a\u0442\u044f\u0431\u0440\u044f 2026 \u0433\u043e\u0434\u0430. \u041a \u044e\u0431\u0438\u043b\u0435\u0439\u043d\u043e\u043c\u0443, 30-\u043c\u0443, \u0441\u043e\u0440\u0435\u0432\u043d\u043e\u0432\u0430\u043d\u0438\u044e \u043e\u0440\u0433\u0430\u043d\u0438\u0437\u0430\u0442\u043e\u0440\u044b \u0434\u043e\u043f\u0443\u0441\u0442\u0438\u043b\u0438 \u0432\u0441\u0435\u0433\u043e \u0434\u0435\u0441\u044f\u0442\u044c \u0443\u0447\u0430\u0441\u0442\u043d\u0438\u043a\u043e\u0432. \u0427\u0442\u043e\u0431\u044b \u0443\u043b\u043e\u0436\u0438\u0442\u044c\u0441\u044f \u0432 \u0443\u0441\u0442\u0430\u043d\u043e\u0432\u043b\u0435\u043d\u043d\u044b\u0439 \u043b\u0438\u043c\u0438\u0442 \u0432 52 \u0434\u043d\u044f, [&hellip;]<\/p>","protected":false},"author":1,"featured_media":6847,"comment_status":"open","ping_status":"open","sticky":false,"template":"","format":"standard","meta":{"_acf_changed":false,"footnotes":""},"categories":[10,39,8],"tags":[],"class_list":["post-6846","post","type-post","status-publish","format-standard","has-post-thumbnail","hentry","category-world","category-news-from-moldova","category-sports"],"acf":[],"yoast_head":"<!-- This site is optimized with the Yoast SEO plugin v25.3 - https:\/\/yoast.com\/wordpress\/plugins\/seo\/ -->\n<title>\u041c\u043e\u043b\u0434\u0430\u0432\u0441\u043a\u0438\u0439 \u0431\u0435\u0433\u0443\u043d \u0420\u0430\u0434\u0443 \u0411\u0443\u0434\u0430\u043d \u0432\u043d\u043e\u0432\u044c \u0443\u0447\u0430\u0441\u0442\u0432\u0443\u0435\u0442 \u0432 \u0441\u0430\u043c\u043e\u0439 \u0434\u043b\u0438\u043d\u043d\u043e\u0439 \u0441\u0435\u0440\u0442\u0438\u0444\u0438\u0446\u0438\u0440\u043e\u0432\u0430\u043d\u043d\u043e\u0439 \u0433\u043e\u043d\u043a\u0435 \u043c\u0438\u0440\u0430 - voceamoldovei<\/title>\n<meta name=\"robots\" content=\"index, follow, max-snippet:-1, max-image-preview:large, max-video-preview:-1\" \/>\n<link rel=\"canonical\" href=\"https:\/\/voceamoldovei.org\/md\/moldavskij-begun-radu-budan-vnov-uchastvuet-v-samoj-dlinnoj-sertificzirovannoj-gonke-mira\/\" \/>\n<meta property=\"og:locale\" content=\"ro_RO\" \/>\n<meta property=\"og:type\" content=\"article\" \/>\n<meta property=\"og:title\" content=\"\u041c\u043e\u043b\u0434\u0430\u0432\u0441\u043a\u0438\u0439 \u0431\u0435\u0433\u0443\u043d \u0420\u0430\u0434\u0443 \u0411\u0443\u0434\u0430\u043d \u0432\u043d\u043e\u0432\u044c \u0443\u0447\u0430\u0441\u0442\u0432\u0443\u0435\u0442 \u0432 \u0441\u0430\u043c\u043e\u0439 \u0434\u043b\u0438\u043d\u043d\u043e\u0439 \u0441\u0435\u0440\u0442\u0438\u0444\u0438\u0446\u0438\u0440\u043e\u0432\u0430\u043d\u043d\u043e\u0439 \u0433\u043e\u043d\u043a\u0435 \u043c\u0438\u0440\u0430 - voceamoldovei\" \/>\n<meta property=\"og:description\" content=\"\u041c\u043e\u043b\u0434\u0430\u0432\u0441\u043a\u0438\u0439 \u0431\u0435\u0433\u0443\u043d \u0420\u0430\u0434\u0443 \u0411\u0443\u0434\u0430\u043d \u0432\u043e \u0432\u0442\u043e\u0440\u043e\u0439 \u0440\u0430\u0437 \u043f\u0440\u0438\u043d\u0438\u043c\u0430\u0435\u0442 \u0443\u0447\u0430\u0441\u0442\u0438\u0435 \u0432 \u043e\u0434\u043d\u043e\u0439 \u0438\u0437 \u0441\u0430\u043c\u044b\u0445 \u0441\u043b\u043e\u0436\u043d\u044b\u0445 \u0432 \u043c\u0438\u0440\u0435 \u0433\u043e\u043d\u043e\u043a \u043d\u0430 \u0432\u044b\u043d\u043e\u0441\u043b\u0438\u0432\u043e\u0441\u0442\u044c \u2014 Sri Chinmoy Self-Transcendence 3100 Mile Race, \u043a\u043e\u0442\u043e\u0440\u0430\u044f \u043f\u0440\u043e\u0445\u043e\u0434\u0438\u0442 \u0432 \u041d\u044c\u044e-\u0419\u043e\u0440\u043a\u0435 \u0441 30 \u0430\u0432\u0433\u0443\u0441\u0442\u0430 \u043f\u043e 20 \u043e\u043a\u0442\u044f\u0431\u0440\u044f 2026 \u0433\u043e\u0434\u0430. \u041a \u044e\u0431\u0438\u043b\u0435\u0439\u043d\u043e\u043c\u0443, 30-\u043c\u0443, \u0441\u043e\u0440\u0435\u0432\u043d\u043e\u0432\u0430\u043d\u0438\u044e \u043e\u0440\u0433\u0430\u043d\u0438\u0437\u0430\u0442\u043e\u0440\u044b \u0434\u043e\u043f\u0443\u0441\u0442\u0438\u043b\u0438 \u0432\u0441\u0435\u0433\u043e \u0434\u0435\u0441\u044f\u0442\u044c \u0443\u0447\u0430\u0441\u0442\u043d\u0438\u043a\u043e\u0432. \u0427\u0442\u043e\u0431\u044b \u0443\u043b\u043e\u0436\u0438\u0442\u044c\u0441\u044f \u0432 \u0443\u0441\u0442\u0430\u043d\u043e\u0432\u043b\u0435\u043d\u043d\u044b\u0439 \u043b\u0438\u043c\u0438\u0442 \u0432 52 \u0434\u043d\u044f, [&hellip;]\" \/>\n<meta property=\"og:url\" content=\"https:\/\/voceamoldovei.org\/md\/moldavskij-begun-radu-budan-vnov-uchastvuet-v-samoj-dlinnoj-sertificzirovannoj-gonke-mira\/\" \/>\n<meta property=\"og:site_name\" content=\"voceamoldovei\" \/>\n<meta property=\"article:published_time\" content=\"2026-09-05T09:37:01+00:00\" \/>\n<meta property=\"article:modified_time\" content=\"2026-09-05T09:37:03+00:00\" \/>\n<meta property=\"og:image\" content=\"https:\/\/voceamoldovei.org\/wp-content\/uploads\/2026\/09\/903229.webp\" \/>\n\t<meta property=\"og:image:width\" content=\"760\" \/>\n\t<meta property=\"og:image:height\" content=\"500\" \/>\n\t<meta property=\"og:image:type\" content=\"image\/webp\" \/>\n<meta name=\"author\" content=\"admin\" \/>\n<meta name=\"twitter:card\" content=\"summary_large_image\" \/>\n<meta name=\"twitter:label1\" content=\"Scris de\" \/>\n\t<meta name=\"twitter:data1\" content=\"admin\" \/>\n\t<meta name=\"twitter:label2\" content=\"Timp estimat pentru citire\" \/>\n\t<meta name=\"twitter:data2\" content=\"2 minute\" \/>\n<script type=\"application\/ld+json\" class=\"yoast-schema-graph\">{\"@context\":\"https:\/\/schema.org\",\"@graph\":[{\"@type\":\"Article\",\"@id\":\"https:\/\/voceamoldovei.org\/moldavskij-begun-radu-budan-vnov-uchastvuet-v-samoj-dlinnoj-sertificzirovannoj-gonke-mira\/#article\",\"isPartOf\":{\"@id\":\"https:\/\/voceamoldovei.org\/moldavskij-begun-radu-budan-vnov-uchastvuet-v-samoj-dlinnoj-sertificzirovannoj-gonke-mira\/\"},\"author\":{\"name\":\"admin\",\"@id\":\"https:\/\/voceamoldovei.org\/#\/schema\/person\/f3d530272d60bace5ec1386d94304e3b\"},\"headline\":\"\u041c\u043e\u043b\u0434\u0430\u0432\u0441\u043a\u0438\u0439 \u0431\u0435\u0433\u0443\u043d \u0420\u0430\u0434\u0443 \u0411\u0443\u0434\u0430\u043d \u0432\u043d\u043e\u0432\u044c \u0443\u0447\u0430\u0441\u0442\u0432\u0443\u0435\u0442 \u0432 \u0441\u0430\u043c\u043e\u0439 \u0434\u043b\u0438\u043d\u043d\u043e\u0439 \u0441\u0435\u0440\u0442\u0438\u0444\u0438\u0446\u0438\u0440\u043e\u0432\u0430\u043d\u043d\u043e\u0439 \u0433\u043e\u043d\u043a\u0435 \u043c\u0438\u0440\u0430\",\"datePublished\":\"2026-09-05T09:37:01+00:00\",\"dateModified\":\"2026-09-05T09:37:03+00:00\",\"mainEntityOfPage\":{\"@id\":\"https:\/\/voceamoldovei.org\/moldavskij-begun-radu-budan-vnov-uchastvuet-v-samoj-dlinnoj-sertificzirovannoj-gonke-mira\/\"},\"wordCount\":311,\"commentCount\":0,\"publisher\":{\"@id\":\"https:\/\/voceamoldovei.org\/#organization\"},\"image\":{\"@id\":\"https:\/\/voceamoldovei.org\/moldavskij-begun-radu-budan-vnov-uchastvuet-v-samoj-dlinnoj-sertificzirovannoj-gonke-mira\/#primaryimage\"},\"thumbnailUrl\":\"https:\/\/voceamoldovei.org\/wp-content\/uploads\/2026\/09\/903229.webp\",\"articleSection\":[\"\u041c\u0438\u0440\",\"\u041d\u043e\u0432\u043e\u0441\u0442\u0438 \u041c\u043e\u043b\u0434\u043e\u0432\u044b\",\"\u0421\u043f\u043e\u0440\u0442\"],\"inLanguage\":\"ro-RO\",\"potentialAction\":[{\"@type\":\"CommentAction\",\"name\":\"Comment\",\"target\":[\"https:\/\/voceamoldovei.org\/moldavskij-begun-radu-budan-vnov-uchastvuet-v-samoj-dlinnoj-sertificzirovannoj-gonke-mira\/#respond\"]}]},{\"@type\":\"WebPage\",\"@id\":\"https:\/\/voceamoldovei.org\/moldavskij-begun-radu-budan-vnov-uchastvuet-v-samoj-dlinnoj-sertificzirovannoj-gonke-mira\/\",\"url\":\"https:\/\/voceamoldovei.org\/moldavskij-begun-radu-budan-vnov-uchastvuet-v-samoj-dlinnoj-sertificzirovannoj-gonke-mira\/\",\"name\":\"\u041c\u043e\u043b\u0434\u0430\u0432\u0441\u043a\u0438\u0439 \u0431\u0435\u0433\u0443\u043d \u0420\u0430\u0434\u0443 \u0411\u0443\u0434\u0430\u043d \u0432\u043d\u043e\u0432\u044c \u0443\u0447\u0430\u0441\u0442\u0432\u0443\u0435\u0442 \u0432 \u0441\u0430\u043c\u043e\u0439 \u0434\u043b\u0438\u043d\u043d\u043e\u0439 \u0441\u0435\u0440\u0442\u0438\u0444\u0438\u0446\u0438\u0440\u043e\u0432\u0430\u043d\u043d\u043e\u0439 \u0433\u043e\u043d\u043a\u0435 \u043c\u0438\u0440\u0430 - voceamoldovei\",\"isPartOf\":{\"@id\":\"https:\/\/voceamoldovei.org\/#website\"},\"primaryImageOfPage\":{\"@id\":\"https:\/\/voceamoldovei.org\/moldavskij-begun-radu-budan-vnov-uchastvuet-v-samoj-dlinnoj-sertificzirovannoj-gonke-mira\/#primaryimage\"},\"image\":{\"@id\":\"https:\/\/voceamoldovei.org\/moldavskij-begun-radu-budan-vnov-uchastvuet-v-samoj-dlinnoj-sertificzirovannoj-gonke-mira\/#primaryimage\"},\"thumbnailUrl\":\"https:\/\/voceamoldovei.org\/wp-content\/uploads\/2026\/09\/903229.webp\",\"datePublished\":\"2026-09-05T09:37:01+00:00\",\"dateModified\":\"2026-09-05T09:37:03+00:00\",\"breadcrumb\":{\"@id\":\"https:\/\/voceamoldovei.org\/moldavskij-begun-radu-budan-vnov-uchastvuet-v-samoj-dlinnoj-sertificzirovannoj-gonke-mira\/#breadcrumb\"},\"inLanguage\":\"ro-RO\",\"potentialAction\":[{\"@type\":\"ReadAction\",\"target\":[\"https:\/\/voceamoldovei.org\/moldavskij-begun-radu-budan-vnov-uchastvuet-v-samoj-dlinnoj-sertificzirovannoj-gonke-mira\/\"]}]},{\"@type\":\"ImageObject\",\"inLanguage\":\"ro-RO\",\"@id\":\"https:\/\/voceamoldovei.org\/moldavskij-begun-radu-budan-vnov-uchastvuet-v-samoj-dlinnoj-sertificzirovannoj-gonke-mira\/#primaryimage\",\"url\":\"https:\/\/voceamoldovei.org\/wp-content\/uploads\/2026\/09\/903229.webp\",\"contentUrl\":\"https:\/\/voceamoldovei.org\/wp-content\/uploads\/2026\/09\/903229.webp\",\"width\":760,\"height\":500},{\"@type\":\"BreadcrumbList\",\"@id\":\"https:\/\/voceamoldovei.org\/moldavskij-begun-radu-budan-vnov-uchastvuet-v-samoj-dlinnoj-sertificzirovannoj-gonke-mira\/#breadcrumb\",\"itemListElement\":[{\"@type\":\"ListItem\",\"position\":1,\"name\":\"\u0413\u043b\u0430\u0432\u043d\u0430\u044f \u0441\u0442\u0440\u0430\u043d\u0438\u0446\u0430\",\"item\":\"https:\/\/voceamoldovei.org\/\"},{\"@type\":\"ListItem\",\"position\":2,\"name\":\"\u041c\u043e\u043b\u0434\u0430\u0432\u0441\u043a\u0438\u0439 \u0431\u0435\u0433\u0443\u043d \u0420\u0430\u0434\u0443 \u0411\u0443\u0434\u0430\u043d \u0432\u043d\u043e\u0432\u044c \u0443\u0447\u0430\u0441\u0442\u0432\u0443\u0435\u0442 \u0432 \u0441\u0430\u043c\u043e\u0439 \u0434\u043b\u0438\u043d\u043d\u043e\u0439 \u0441\u0435\u0440\u0442\u0438\u0444\u0438\u0446\u0438\u0440\u043e\u0432\u0430\u043d\u043d\u043e\u0439 \u0433\u043e\u043d\u043a\u0435 \u043c\u0438\u0440\u0430\"}]},{\"@type\":\"WebSite\",\"@id\":\"https:\/\/voceamoldovei.org\/#website\",\"url\":\"https:\/\/voceamoldovei.org\/\",\"name\":\"voceamoldovei\",\"description\":\"\",\"publisher\":{\"@id\":\"https:\/\/voceamoldovei.org\/#organization\"},\"potentialAction\":[{\"@type\":\"SearchAction\",\"target\":{\"@type\":\"EntryPoint\",\"urlTemplate\":\"https:\/\/voceamoldovei.org\/?s={search_term_string}\"},\"query-input\":{\"@type\":\"PropertyValueSpecification\",\"valueRequired\":true,\"valueName\":\"search_term_string\"}}],\"inLanguage\":\"ro-RO\"},{\"@type\":\"Organization\",\"@id\":\"https:\/\/voceamoldovei.org\/#organization\",\"name\":\"voceamoldovei\",\"url\":\"https:\/\/voceamoldovei.org\/\",\"logo\":{\"@type\":\"ImageObject\",\"inLanguage\":\"ro-RO\",\"@id\":\"https:\/\/voceamoldovei.org\/#\/schema\/logo\/image\/\",\"url\":\"https:\/\/voceamoldovei.org\/wp-content\/uploads\/2025\/06\/logo.svg\",\"contentUrl\":\"https:\/\/voceamoldovei.org\/wp-content\/uploads\/2025\/06\/logo.svg\",\"width\":360,\"height\":60,\"caption\":\"voceamoldovei\"},\"image\":{\"@id\":\"https:\/\/voceamoldovei.org\/#\/schema\/logo\/image\/\"}},{\"@type\":\"Person\",\"@id\":\"https:\/\/voceamoldovei.org\/#\/schema\/person\/f3d530272d60bace5ec1386d94304e3b\",\"name\":\"admin\",\"image\":{\"@type\":\"ImageObject\",\"inLanguage\":\"ro-RO\",\"@id\":\"https:\/\/voceamoldovei.org\/#\/schema\/person\/image\/\",\"url\":\"https:\/\/secure.gravatar.com\/avatar\/af3899bbfd6aae24f1ff3c658f2724ade3af343534e6458edd7b2a5926b523da?s=96&d=mm&r=g\",\"contentUrl\":\"https:\/\/secure.gravatar.com\/avatar\/af3899bbfd6aae24f1ff3c658f2724ade3af343534e6458edd7b2a5926b523da?s=96&d=mm&r=g\",\"caption\":\"admin\"},\"sameAs\":[\"https:\/\/voceamoldovei.org\"],\"url\":\"https:\/\/voceamoldovei.org\/md\/author\/admin\/\"}]}<\/script>\n<!-- \/ Yoast SEO plugin. -->","yoast_head_json":{"title":"\u041c\u043e\u043b\u0434\u0430\u0432\u0441\u043a\u0438\u0439 \u0431\u0435\u0433\u0443\u043d \u0420\u0430\u0434\u0443 \u0411\u0443\u0434\u0430\u043d \u0432\u043d\u043e\u0432\u044c \u0443\u0447\u0430\u0441\u0442\u0432\u0443\u0435\u0442 \u0432 \u0441\u0430\u043c\u043e\u0439 \u0434\u043b\u0438\u043d\u043d\u043e\u0439 \u0441\u0435\u0440\u0442\u0438\u0444\u0438\u0446\u0438\u0440\u043e\u0432\u0430\u043d\u043d\u043e\u0439 \u0433\u043e\u043d\u043a\u0435 \u043c\u0438\u0440\u0430 - voceamoldovei","robots":{"index":"index","follow":"follow","max-snippet":"max-snippet:-1","max-image-preview":"max-image-preview:large","max-video-preview":"max-video-preview:-1"},"canonical":"https:\/\/voceamoldovei.org\/md\/moldavskij-begun-radu-budan-vnov-uchastvuet-v-samoj-dlinnoj-sertificzirovannoj-gonke-mira\/","og_locale":"ro_RO","og_type":"article","og_title":"\u041c\u043e\u043b\u0434\u0430\u0432\u0441\u043a\u0438\u0439 \u0431\u0435\u0433\u0443\u043d \u0420\u0430\u0434\u0443 \u0411\u0443\u0434\u0430\u043d \u0432\u043d\u043e\u0432\u044c \u0443\u0447\u0430\u0441\u0442\u0432\u0443\u0435\u0442 \u0432 \u0441\u0430\u043c\u043e\u0439 \u0434\u043b\u0438\u043d\u043d\u043e\u0439 \u0441\u0435\u0440\u0442\u0438\u0444\u0438\u0446\u0438\u0440\u043e\u0432\u0430\u043d\u043d\u043e\u0439 \u0433\u043e\u043d\u043a\u0435 \u043c\u0438\u0440\u0430 - voceamoldovei","og_description":"\u041c\u043e\u043b\u0434\u0430\u0432\u0441\u043a\u0438\u0439 \u0431\u0435\u0433\u0443\u043d \u0420\u0430\u0434\u0443 \u0411\u0443\u0434\u0430\u043d \u0432\u043e \u0432\u0442\u043e\u0440\u043e\u0439 \u0440\u0430\u0437 \u043f\u0440\u0438\u043d\u0438\u043c\u0430\u0435\u0442 \u0443\u0447\u0430\u0441\u0442\u0438\u0435 \u0432 \u043e\u0434\u043d\u043e\u0439 \u0438\u0437 \u0441\u0430\u043c\u044b\u0445 \u0441\u043b\u043e\u0436\u043d\u044b\u0445 \u0432 \u043c\u0438\u0440\u0435 \u0433\u043e\u043d\u043e\u043a \u043d\u0430 \u0432\u044b\u043d\u043e\u0441\u043b\u0438\u0432\u043e\u0441\u0442\u044c \u2014 Sri Chinmoy Self-Transcendence 3100 Mile Race, \u043a\u043e\u0442\u043e\u0440\u0430\u044f \u043f\u0440\u043e\u0445\u043e\u0434\u0438\u0442 \u0432 \u041d\u044c\u044e-\u0419\u043e\u0440\u043a\u0435 \u0441 30 \u0430\u0432\u0433\u0443\u0441\u0442\u0430 \u043f\u043e 20 \u043e\u043a\u0442\u044f\u0431\u0440\u044f 2026 \u0433\u043e\u0434\u0430. \u041a \u044e\u0431\u0438\u043b\u0435\u0439\u043d\u043e\u043c\u0443, 30-\u043c\u0443, \u0441\u043e\u0440\u0435\u0432\u043d\u043e\u0432\u0430\u043d\u0438\u044e \u043e\u0440\u0433\u0430\u043d\u0438\u0437\u0430\u0442\u043e\u0440\u044b \u0434\u043e\u043f\u0443\u0441\u0442\u0438\u043b\u0438 \u0432\u0441\u0435\u0433\u043e \u0434\u0435\u0441\u044f\u0442\u044c \u0443\u0447\u0430\u0441\u0442\u043d\u0438\u043a\u043e\u0432. \u0427\u0442\u043e\u0431\u044b \u0443\u043b\u043e\u0436\u0438\u0442\u044c\u0441\u044f \u0432 \u0443\u0441\u0442\u0430\u043d\u043e\u0432\u043b\u0435\u043d\u043d\u044b\u0439 \u043b\u0438\u043c\u0438\u0442 \u0432 52 \u0434\u043d\u044f, [&hellip;]","og_url":"https:\/\/voceamoldovei.org\/md\/moldavskij-begun-radu-budan-vnov-uchastvuet-v-samoj-dlinnoj-sertificzirovannoj-gonke-mira\/","og_site_name":"voceamoldovei","article_published_time":"2026-09-05T09:37:01+00:00","article_modified_time":"2026-09-05T09:37:03+00:00","og_image":[{"width":760,"height":500,"url":"https:\/\/voceamoldovei.org\/wp-content\/uploads\/2026\/09\/903229.webp","type":"image\/webp"}],"author":"admin","twitter_card":"summary_large_image","twitter_misc":{"Scris de":"admin","Timp estimat pentru citire":"2 minute"},"schema":{"@context":"https:\/\/schema.org","@graph":[{"@type":"Article","@id":"https:\/\/voceamoldovei.org\/moldavskij-begun-radu-budan-vnov-uchastvuet-v-samoj-dlinnoj-sertificzirovannoj-gonke-mira\/#article","isPartOf":{"@id":"https:\/\/voceamoldovei.org\/moldavskij-begun-radu-budan-vnov-uchastvuet-v-samoj-dlinnoj-sertificzirovannoj-gonke-mira\/"},"author":{"name":"admin","@id":"https:\/\/voceamoldovei.org\/#\/schema\/person\/f3d530272d60bace5ec1386d94304e3b"},"headline":"\u041c\u043e\u043b\u0434\u0430\u0432\u0441\u043a\u0438\u0439 \u0431\u0435\u0433\u0443\u043d \u0420\u0430\u0434\u0443 \u0411\u0443\u0434\u0430\u043d \u0432\u043d\u043e\u0432\u044c \u0443\u0447\u0430\u0441\u0442\u0432\u0443\u0435\u0442 \u0432 \u0441\u0430\u043c\u043e\u0439 \u0434\u043b\u0438\u043d\u043d\u043e\u0439 \u0441\u0435\u0440\u0442\u0438\u0444\u0438\u0446\u0438\u0440\u043e\u0432\u0430\u043d\u043d\u043e\u0439 \u0433\u043e\u043d\u043a\u0435 \u043c\u0438\u0440\u0430","datePublished":"2026-09-05T09:37:01+00:00","dateModified":"2026-09-05T09:37:03+00:00","mainEntityOfPage":{"@id":"https:\/\/voceamoldovei.org\/moldavskij-begun-radu-budan-vnov-uchastvuet-v-samoj-dlinnoj-sertificzirovannoj-gonke-mira\/"},"wordCount":311,"commentCount":0,"publisher":{"@id":"https:\/\/voceamoldovei.org\/#organization"},"image":{"@id":"https:\/\/voceamoldovei.org\/moldavskij-begun-radu-budan-vnov-uchastvuet-v-samoj-dlinnoj-sertificzirovannoj-gonke-mira\/#primaryimage"},"thumbnailUrl":"https:\/\/voceamoldovei.org\/wp-content\/uploads\/2026\/09\/903229.webp","articleSection":["\u041c\u0438\u0440","\u041d\u043e\u0432\u043e\u0441\u0442\u0438 \u041c\u043e\u043b\u0434\u043e\u0432\u044b","\u0421\u043f\u043e\u0440\u0442"],"inLanguage":"ro-RO","potentialAction":[{"@type":"CommentAction","name":"Comment","target":["https:\/\/voceamoldovei.org\/moldavskij-begun-radu-budan-vnov-uchastvuet-v-samoj-dlinnoj-sertificzirovannoj-gonke-mira\/#respond"]}]},{"@type":"WebPage","@id":"https:\/\/voceamoldovei.org\/moldavskij-begun-radu-budan-vnov-uchastvuet-v-samoj-dlinnoj-sertificzirovannoj-gonke-mira\/","url":"https:\/\/voceamoldovei.org\/moldavskij-begun-radu-budan-vnov-uchastvuet-v-samoj-dlinnoj-sertificzirovannoj-gonke-mira\/","name":"\u041c\u043e\u043b\u0434\u0430\u0432\u0441\u043a\u0438\u0439 \u0431\u0435\u0433\u0443\u043d \u0420\u0430\u0434\u0443 \u0411\u0443\u0434\u0430\u043d \u0432\u043d\u043e\u0432\u044c \u0443\u0447\u0430\u0441\u0442\u0432\u0443\u0435\u0442 \u0432 \u0441\u0430\u043c\u043e\u0439 \u0434\u043b\u0438\u043d\u043d\u043e\u0439 \u0441\u0435\u0440\u0442\u0438\u0444\u0438\u0446\u0438\u0440\u043e\u0432\u0430\u043d\u043d\u043e\u0439 \u0433\u043e\u043d\u043a\u0435 \u043c\u0438\u0440\u0430 - voceamoldovei","isPartOf":{"@id":"https:\/\/voceamoldovei.org\/#website"},"primaryImageOfPage":{"@id":"https:\/\/voceamoldovei.org\/moldavskij-begun-radu-budan-vnov-uchastvuet-v-samoj-dlinnoj-sertificzirovannoj-gonke-mira\/#primaryimage"},"image":{"@id":"https:\/\/voceamoldovei.org\/moldavskij-begun-radu-budan-vnov-uchastvuet-v-samoj-dlinnoj-sertificzirovannoj-gonke-mira\/#primaryimage"},"thumbnailUrl":"https:\/\/voceamoldovei.org\/wp-content\/uploads\/2026\/09\/903229.webp","datePublished":"2026-09-05T09:37:01+00:00","dateModified":"2026-09-05T09:37:03+00:00","breadcrumb":{"@id":"https:\/\/voceamoldovei.org\/moldavskij-begun-radu-budan-vnov-uchastvuet-v-samoj-dlinnoj-sertificzirovannoj-gonke-mira\/#breadcrumb"},"inLanguage":"ro-RO","potentialAction":[{"@type":"ReadAction","target":["https:\/\/voceamoldovei.org\/moldavskij-begun-radu-budan-vnov-uchastvuet-v-samoj-dlinnoj-sertificzirovannoj-gonke-mira\/"]}]},{"@type":"ImageObject","inLanguage":"ro-RO","@id":"https:\/\/voceamoldovei.org\/moldavskij-begun-radu-budan-vnov-uchastvuet-v-samoj-dlinnoj-sertificzirovannoj-gonke-mira\/#primaryimage","url":"https:\/\/voceamoldovei.org\/wp-content\/uploads\/2026\/09\/903229.webp","contentUrl":"https:\/\/voceamoldovei.org\/wp-content\/uploads\/2026\/09\/903229.webp","width":760,"height":500},{"@type":"BreadcrumbList","@id":"https:\/\/voceamoldovei.org\/moldavskij-begun-radu-budan-vnov-uchastvuet-v-samoj-dlinnoj-sertificzirovannoj-gonke-mira\/#breadcrumb","itemListElement":[{"@type":"ListItem","position":1,"name":"\u0413\u043b\u0430\u0432\u043d\u0430\u044f \u0441\u0442\u0440\u0430\u043d\u0438\u0446\u0430","item":"https:\/\/voceamoldovei.org\/"},{"@type":"ListItem","position":2,"name":"\u041c\u043e\u043b\u0434\u0430\u0432\u0441\u043a\u0438\u0439 \u0431\u0435\u0433\u0443\u043d \u0420\u0430\u0434\u0443 \u0411\u0443\u0434\u0430\u043d \u0432\u043d\u043e\u0432\u044c \u0443\u0447\u0430\u0441\u0442\u0432\u0443\u0435\u0442 \u0432 \u0441\u0430\u043c\u043e\u0439 \u0434\u043b\u0438\u043d\u043d\u043e\u0439 \u0441\u0435\u0440\u0442\u0438\u0444\u0438\u0446\u0438\u0440\u043e\u0432\u0430\u043d\u043d\u043e\u0439 \u0433\u043e\u043d\u043a\u0435 \u043c\u0438\u0440\u0430"}]},{"@type":"WebSite","@id":"https:\/\/voceamoldovei.org\/#website","url":"https:\/\/voceamoldovei.org\/","name":"voceamoldovei","description":"","publisher":{"@id":"https:\/\/voceamoldovei.org\/#organization"},"potentialAction":[{"@type":"SearchAction","target":{"@type":"EntryPoint","urlTemplate":"https:\/\/voceamoldovei.org\/?s={search_term_string}"},"query-input":{"@type":"PropertyValueSpecification","valueRequired":true,"valueName":"search_term_string"}}],"inLanguage":"ro-RO"},{"@type":"Organization","@id":"https:\/\/voceamoldovei.org\/#organization","name":"voceamoldovei","url":"https:\/\/voceamoldovei.org\/","logo":{"@type":"ImageObject","inLanguage":"ro-RO","@id":"https:\/\/voceamoldovei.org\/#\/schema\/logo\/image\/","url":"https:\/\/voceamoldovei.org\/wp-content\/uploads\/2025\/06\/logo.svg","contentUrl":"https:\/\/voceamoldovei.org\/wp-content\/uploads\/2025\/06\/logo.svg","width":360,"height":60,"caption":"voceamoldovei"},"image":{"@id":"https:\/\/voceamoldovei.org\/#\/schema\/logo\/image\/"}},{"@type":"Person","@id":"https:\/\/voceamoldovei.org\/#\/schema\/person\/f3d530272d60bace5ec1386d94304e3b","name":"admin","image":{"@type":"ImageObject","inLanguage":"ro-RO","@id":"https:\/\/voceamoldovei.org\/#\/schema\/person\/image\/","url":"https:\/\/secure.gravatar.com\/avatar\/af3899bbfd6aae24f1ff3c658f2724ade3af343534e6458edd7b2a5926b523da?s=96&d=mm&r=g","contentUrl":"https:\/\/secure.gravatar.com\/avatar\/af3899bbfd6aae24f1ff3c658f2724ade3af343534e6458edd7b2a5926b523da?s=96&d=mm&r=g","caption":"admin"},"sameAs":["https:\/\/voceamoldovei.org"],"url":"https:\/\/voceamoldovei.org\/md\/author\/admin\/"}]}},"_links":{"self":[{"href":"https:\/\/voceamoldovei.org\/md\/wp-json\/wp\/v2\/posts\/6846","targetHints":{"allow":["GET"]}}],"collection":[{"href":"https:\/\/voceamoldovei.org\/md\/wp-json\/wp\/v2\/posts"}],"about":[{"href":"https:\/\/voceamoldovei.org\/md\/wp-json\/wp\/v2\/types\/post"}],"author":[{"embeddable":true,"href":"https:\/\/voceamoldovei.org\/md\/wp-json\/wp\/v2\/users\/1"}],"replies":[{"embeddable":true,"href":"https:\/\/voceamoldovei.org\/md\/wp-json\/wp\/v2\/comments?post=6846"}],"version-history":[{"count":1,"href":"https:\/\/voceamoldovei.org\/md\/wp-json\/wp\/v2\/posts\/6846\/revisions"}],"predecessor-version":[{"id":6848,"href":"https:\/\/voceamoldovei.org\/md\/wp-json\/wp\/v2\/posts\/6846\/revisions\/6848"}],"wp:featuredmedia":[{"embeddable":true,"href":"https:\/\/voceamoldovei.org\/md\/wp-json\/wp\/v2\/media\/6847"}],"wp:attachment":[{"href":"https:\/\/voceamoldovei.org\/md\/wp-json\/wp\/v2\/media?parent=6846"}],"wp:term":[{"taxonomy":"category","embeddable":true,"href":"https:\/\/voceamoldovei.org\/md\/wp-json\/wp\/v2\/categories?post=6846"},{"taxonomy":"post_tag","embeddable":true,"href":"https:\/\/voceamoldovei.org\/md\/wp-json\/wp\/v2\/tags?post=6846"}],"curies":[{"name":"wp","href":"https:\/\/api.w.org\/{rel}","templated":true}]}}